{"id":74939,"date":"2024-11-27T21:48:01","date_gmt":"2024-11-28T03:48:01","guid":{"rendered":"https:\/\/zonaroja.com.mx\/?p=74939"},"modified":"2024-11-27T21:48:03","modified_gmt":"2024-11-28T03:48:03","slug":"istmo-violento-un-ejecutado-en-juchitan-y-un-baleado-en-matias","status":"publish","type":"post","link":"https:\/\/zonaroja.com.mx\/?p=74939","title":{"rendered":"Istmo violento: un ejecutado en Juchit\u00e1n y un baleado en Mat\u00edas\u00a0"},"content":{"rendered":"\n<p>Ismael Garc\u00eda M.\/Zona Roja.<\/p>\n\n\n\n<p>Oaxaca de Ju\u00e1rez, Oax., a 27 de noviembre de 2024.- Dos hechos violentos se registraron este mi\u00e9rcoles en la regi\u00f3n del Istmo, con saldo de una persona fallecida y otra lesionada de gravedad, por disparos de arma de fuego en la cara.<\/p>\n\n\n\n<p>Esta tarde, en la agencia de \u00c1lvaro Obreg\u00f3n, municipio de Juchit\u00e1n de Zaragoza, un individuo fue asesinado a balazos, presuntamente tras una discusi\u00f3n.<\/p>\n\n\n\n<p>La v\u00edctima intent\u00f3 huir de la zona pero fue alcanzado por las balas y falleci\u00f3 al instante; su familia lleg\u00f3 antes que los polic\u00edas municipales y se llev\u00f3 el cuerpo a su domicilio.<\/p>\n\n\n\n<p>La Vicefiscal\u00eda Regional del Istmo, dependiente de la Fiscal\u00eda General del Estado de Oaxaca, abri\u00f3 la carpeta de investigaci\u00f3n correspondiente.<\/p>\n\n\n\n<p>Por otra parte, la ma\u00f1ana de hoy un obrero fue atacado a balazos, cuando caminaba por la calle 16 de Septiembre de la colonia Robles Oriente del municipio de Mat\u00edas Romero Avenda\u00f1o.<\/p>\n\n\n\n<p>Personal param\u00e9dico lo atendi\u00f3 y lo traslad\u00f3 al hospital del IMSS, donde reportan que su estado de salud es grave, debido a los m\u00faltiples impactos de arma de fuego, en el cuerpo y en la cara.<\/p>\n\n\n\n<p>De los agresores no se tiene ning\u00fan dato y lograron darse a la fuga, a falta de presencia policiaca en la zona.<\/p>\n\n\n\n<p>Por otra parte, autoridades ministeriales confirmaron el asesinato de una persona en Santiago Jamiltepec, municipio de la regi\u00f3n Costa.<\/p>\n\n\n\n<p>El hecho ocurri\u00f3 la noche del pasado lunes en la calle Venustiano Carranza, cuando sujetos armados acribillaron a quien en vida respondi\u00f3 al nombre de Marcelo R. R., de 32 a\u00f1os de edad.<\/p>\n\n\n\n<p>De nueva cuenta no hubo detenciones ante la tard\u00eda respuesta de los polic\u00edas municipales.<\/p>\n","protected":false},"excerpt":{"rendered":"<p>Ismael Garc\u00eda M.\/Zona Roja. Oaxaca de Ju\u00e1rez, Oax., a 27 de noviembre de 2024.- Dos&hellip;<\/p>\n","protected":false},"author":2,"featured_media":74064,"comment_status":"closed","ping_status":"open","sticky":false,"template":"","format":"standard","meta":{"_lmt_disableupdate":"","_lmt_disable":"","_jetpack_memberships_contains_paid_content":false,"footnotes":""},"categories":[109,51],"tags":[297],"class_list":["post-74939","post","type-post","status-publish","format-standard","has-post-thumbnail","hentry","category-minuto-a-minuto","category-zona-roja","tag-ejecutado-juchitan"],"jetpack_featured_media_url":"https:\/\/zonaroja.com.mx\/wp-content\/uploads\/2024\/11\/Escena-del-crimen-2.jpg.webp","jetpack_sharing_enabled":true,"_links":{"self":[{"href":"https:\/\/zonaroja.com.mx\/index.php?rest_route=\/wp\/v2\/posts\/74939","targetHints":{"allow":["GET"]}}],"collection":[{"href":"https:\/\/zonaroja.com.mx\/index.php?rest_route=\/wp\/v2\/posts"}],"about":[{"href":"https:\/\/zonaroja.com.mx\/index.php?rest_route=\/wp\/v2\/types\/post"}],"author":[{"embeddable":true,"href":"https:\/\/zonaroja.com.mx\/index.php?rest_route=\/wp\/v2\/users\/2"}],"replies":[{"embeddable":true,"href":"https:\/\/zonaroja.com.mx\/index.php?rest_route=%2Fwp%2Fv2%2Fcomments&post=74939"}],"version-history":[{"count":1,"href":"https:\/\/zonaroja.com.mx\/index.php?rest_route=\/wp\/v2\/posts\/74939\/revisions"}],"predecessor-version":[{"id":74940,"href":"https:\/\/zonaroja.com.mx\/index.php?rest_route=\/wp\/v2\/posts\/74939\/revisions\/74940"}],"wp:featuredmedia":[{"embeddable":true,"href":"https:\/\/zonaroja.com.mx\/index.php?rest_route=\/wp\/v2\/media\/74064"}],"wp:attachment":[{"href":"https:\/\/zonaroja.com.mx\/index.php?rest_route=%2Fwp%2Fv2%2Fmedia&parent=74939"}],"wp:term":[{"taxonomy":"category","embeddable":true,"href":"https:\/\/zonaroja.com.mx\/index.php?rest_route=%2Fwp%2Fv2%2Fcategories&post=74939"},{"taxonomy":"post_tag","embeddable":true,"href":"https:\/\/zonaroja.com.mx\/index.php?rest_route=%2Fwp%2Fv2%2Ftags&post=74939"}],"curies":[{"name":"wp","href":"https:\/\/api.w.org\/{rel}","templated":true}]}}