{"id":7494,"date":"2020-01-10T07:45:26","date_gmt":"2020-01-10T13:45:26","guid":{"rendered":"http:\/\/www.zonaroja.com.mx\/?p=7494"},"modified":"2020-01-10T07:45:30","modified_gmt":"2020-01-10T13:45:30","slug":"maestros-de-la-seccion-22-preparan-otra-vez-desmandes-no-hay-pendientes-ieepo","status":"publish","type":"post","link":"https:\/\/zonaroja.com.mx\/?p=7494","title":{"rendered":"Maestros de la Secci\u00f3n 22 preparan otra vez desmandes; no hay pendientes: IEEPO"},"content":{"rendered":"\n<p>Redacci\u00f3n\/Zona Roja.<\/p>\n\n\n\n<p>Oaxaca de Ju\u00e1rez, Oax., 10 de enero de 2020.- Por tercer d\u00eda consecutivo, profesores del nivel ind\u00edgena se mantienen sin iniciar clases en comunidades marginadas del estado y con un \u00abplant\u00f3n\u00bb en el z\u00f3calo de la capital oaxaque\u00f1a.<\/p>\n\n\n\n<p>Pero adem\u00e1s, prev\u00e9n realizar este\nviernes una marcha y nuevos bloqueos a cruceros viales, como lo han hecho desde\nel mi\u00e9rcoles, en demanda de una estructura administrativa que crearon y de\nfuncionarios que ellos nombraron.<\/p>\n\n\n\n<p>En tanto, el titular de la Unidad de\nEducaci\u00f3n Ind\u00edgena del Instituto Estatal de Educaci\u00f3n P\u00fablica de Oaxaca\n(IEEPO), Omar Lara Ju\u00e1rez informa que de acuerdo con la toma de nota del Comit\u00e9\nEjecutivo de la Secci\u00f3n 22 del Sindicato Nacional de Trabajadores de la\nEducaci\u00f3n (SNTE), son la Secretar\u00eda de Trabajos y Conflictos del nivel de\nEducaci\u00f3n Ind\u00edgena y la Comisi\u00f3n Pol\u00edtica, las \u00fanicas instancias legalmente\nfacultadas como interlocutoras para realizar gestiones ante la autoridad\neducativa.<\/p>\n\n\n\n<p>Por lo tanto, sobre la petici\u00f3n del\nreconocimiento de una estructura de reciente creaci\u00f3n, autodenominada Direcci\u00f3n\nGeneral de Educaci\u00f3n de los Pueblos Originarios de Oaxaca (DGEPOO), Lara Ju\u00e1rez\nmenciona que \u00e9sta no tiene validez legal alguna ante las instancias del IEEPO,\npues fue nombrada al margen de la toma de nota y de la normatividad.<\/p>\n\n\n\n<p>Respecto a la solicitud de personal\ndocente, que presuntamente se requiere en este nivel, en un comunicado dijo que\nes importante se\u00f1alar que a trav\u00e9s de la revisi\u00f3n del registro estad\u00edstico\ninstitucional, se detect\u00f3 que actualmente existe el n\u00famero suficiente de\npersonal para atender a las y los alumnos inscritos en los servicios de\neducaci\u00f3n ind\u00edgena.<\/p>\n\n\n\n<p>Por lo que, en el supuesto caso de\nque hubiera necesidades de personal, esto puede estar asociado a una pr\u00e1ctica\nilegal y fuera de normatividad realizada desde hace varios a\u00f1os, que es la\nautoubicaci\u00f3n del personal, misma que se ha realizado perniciosamente conforme\na intereses ajenos a la educaci\u00f3n, la presumible venta de espacios educativos,\nas\u00ed como a la protecci\u00f3n para laborar en lugares distintos a sus centros de\nadscripci\u00f3n.<\/p>\n\n\n\n<p>Por lo que exhorta a la Secretar\u00eda de\nTrabajos y Conflictos del nivel de Educaci\u00f3n Ind\u00edgena y a su enlace de Comisi\u00f3n\nPol\u00edtica a realizar conjuntamente con el IEEPO, una minuciosa revisi\u00f3n de las\nestructuras ocupacionales, para que en caso de detectarse necesidades de\nrecursos humanos, estos puedan gestionarse oportunamente ante las instancias correspondientes,\no bien que los docentes autoubicados regresen a las regiones que sin\nautorizaci\u00f3n del IEEPO abandonaron.<\/p>\n\n\n\n<p>Finalmente, el IEEPO le reconoce a la\ngran mayor\u00eda de los docentes del nivel de educaci\u00f3n ind\u00edgena que est\u00e1n de\nmanera responsable al frente de sus grupos, trabajando para hacer efectivo el\nderecho a la educaci\u00f3n de las ni\u00f1as, ni\u00f1os y adolescentes de las comunidades\nind\u00edgenas del estado.<\/p>\n","protected":false},"excerpt":{"rendered":"<p>Redacci\u00f3n\/Zona Roja. Oaxaca de Ju\u00e1rez, Oax., 10 de enero de 2020.- Por tercer d\u00eda consecutivo,&hellip;<\/p>\n","protected":false},"author":2,"featured_media":7495,"comment_status":"closed","ping_status":"open","sticky":false,"template":"","format":"standard","meta":{"_lmt_disableupdate":"","_lmt_disable":"","_jetpack_memberships_contains_paid_content":false,"footnotes":""},"categories":[109,47],"tags":[599,312],"class_list":["post-7494","post","type-post","status-publish","format-standard","has-post-thumbnail","hentry","category-minuto-a-minuto","category-zona-gris","tag-instituto-estatal-de-educacion-publica-de-oaxaca","tag-seccion-22-del-snte"],"jetpack_featured_media_url":"https:\/\/zonaroja.com.mx\/wp-content\/uploads\/2020\/01\/plant\u00f3n-maestros.jpg","jetpack_sharing_enabled":true,"_links":{"self":[{"href":"https:\/\/zonaroja.com.mx\/index.php?rest_route=\/wp\/v2\/posts\/7494","targetHints":{"allow":["GET"]}}],"collection":[{"href":"https:\/\/zonaroja.com.mx\/index.php?rest_route=\/wp\/v2\/posts"}],"about":[{"href":"https:\/\/zonaroja.com.mx\/index.php?rest_route=\/wp\/v2\/types\/post"}],"author":[{"embeddable":true,"href":"https:\/\/zonaroja.com.mx\/index.php?rest_route=\/wp\/v2\/users\/2"}],"replies":[{"embeddable":true,"href":"https:\/\/zonaroja.com.mx\/index.php?rest_route=%2Fwp%2Fv2%2Fcomments&post=7494"}],"version-history":[{"count":1,"href":"https:\/\/zonaroja.com.mx\/index.php?rest_route=\/wp\/v2\/posts\/7494\/revisions"}],"predecessor-version":[{"id":7496,"href":"https:\/\/zonaroja.com.mx\/index.php?rest_route=\/wp\/v2\/posts\/7494\/revisions\/7496"}],"wp:featuredmedia":[{"embeddable":true,"href":"https:\/\/zonaroja.com.mx\/index.php?rest_route=\/wp\/v2\/media\/7495"}],"wp:attachment":[{"href":"https:\/\/zonaroja.com.mx\/index.php?rest_route=%2Fwp%2Fv2%2Fmedia&parent=7494"}],"wp:term":[{"taxonomy":"category","embeddable":true,"href":"https:\/\/zonaroja.com.mx\/index.php?rest_route=%2Fwp%2Fv2%2Fcategories&post=7494"},{"taxonomy":"post_tag","embeddable":true,"href":"https:\/\/zonaroja.com.mx\/index.php?rest_route=%2Fwp%2Fv2%2Ftags&post=7494"}],"curies":[{"name":"wp","href":"https:\/\/api.w.org\/{rel}","templated":true}]}}