{"id":74944,"date":"2024-11-28T06:59:19","date_gmt":"2024-11-28T12:59:19","guid":{"rendered":"https:\/\/zonaroja.com.mx\/?p=74944"},"modified":"2024-11-28T08:21:11","modified_gmt":"2024-11-28T14:21:11","slug":"sesiona-de-madrugada-el-congreso-de-oaxaca-avala-reforma-federal","status":"publish","type":"post","link":"https:\/\/zonaroja.com.mx\/?p=74944","title":{"rendered":"Sesiona de madrugada el Congreso de Oaxaca; avala reforma federal"},"content":{"rendered":"\n<p>Redacci\u00f3n\/Zona Roja.<\/p>\n\n\n\n<p>Oaxaca de Ju\u00e1rez, Oax., a 28 de noviembre de 2024.- La 66 Legislatura&nbsp;local aprob\u00f3 con 37 votos a favor la reforma al p\u00e1rrafo segundo del art\u00edculo 19 de la&nbsp; Constituci\u00f3n Pol\u00edtica de los Estados Unidos Mexicanos, en materia de prisi\u00f3n&nbsp; preventiva oficiosa, remitida por el Congreso de la Uni\u00f3n.&nbsp;<\/p>\n\n\n\n<p>A primera hora de este jueves el pleno sesion\u00f3 de manera extraordinaria para avalar&nbsp;la minuta respectiva por la que se da este cambio constitucional.&nbsp;<\/p>\n\n\n\n<p>Con la modificaci\u00f3n aprobada, se agregan la extorsi\u00f3n, la emisi\u00f3n de comprobantes&nbsp;fiscales falsos, y conductas vinculadas a drogas sint\u00e9ticas como fentanilo y&nbsp;derivados, cuyos delitos por los cuales los jueces pueden ordenar la prisi\u00f3n&nbsp;preventiva oficiosa a quienes los cometan.&nbsp;<\/p>\n\n\n\n<p>Dicha reforma fue aprobada con el voto a favor de 35 diputadas y diputados de los&nbsp;Grupos Parlamentarios de Morena, Fuerza por M\u00e9xico, Grupo Plural, Partido del&nbsp;Trabajo y del Verde Ecologista de M\u00e9xico; en tanto, la diputada Dulce Alejandra&nbsp;Garc\u00eda Morl\u00e1n, de Movimiento Ciudadano, y el diputado Javier Casique Z\u00e1rate, del&nbsp;Partido Revolucionario Institucional, votaron en contra, por considerar que viola el principio de presunci\u00f3n de inocencia.&nbsp;<\/p>\n\n\n\n<p>Al participar en tribuna, el coordinador del Grupo Parlamentario de Morena,Benjam\u00edn Viveros Montalvo, se pronunci\u00f3 a favor de esta reforma constitucional pues responde a la exigencia leg\u00edtima de garantizar mayor seguridad, justicia y paz\u00a0para las y los mexicanos al ampliar el cat\u00e1logo de delitos que amerita la prisi\u00f3n\u00a0preventiva oficiosa.\u00a0<\/p>\n\n\n\n<p>Dijo que este cambio es un paso firme hacia la protecci\u00f3n de las v\u00edctimas quienes\u00a0muchas veces enfrentan amenazas o represalias mientras que las personas\u00a0agresoras gozan de libertad provisional. \u201cMorena reafirma su compromiso con: la justicia, el respeto a los derechos\u00a0humanos, las reformas estructurales que nos permitan avanzar en la transformaci\u00f3n\u00a0de nuestro pa\u00eds y consolidar un M\u00e9xico m\u00e1s justo, igualitario y seguro para nuestra\u00a0sociedad\u201d, precis\u00f3.\u00a0<\/p>\n\n\n\n<p>Cabe destacar que esta reforma fue propuesta el 5 de febrero del presente a\u00f1o por&nbsp;el entonces presidente de la Rep\u00fablica, Andr\u00e9s Manuel L\u00f3pez Obrador, ante la&nbsp;C\u00e1mara de Diputados del Congreso de la Uni\u00f3n, quien se\u00f1al\u00f3 la necesidad de incluir&nbsp;dichos delitos en los considerados para aplicar la medida cautelar referida, ya que&nbsp;son los que han aumentado en la \u00faltima d\u00e9cada en el pa\u00eds.&nbsp;<\/p>\n\n\n\n<p>En su iniciativa resalt\u00f3 que la extorsi\u00f3n es uno de los delitos que \u201cse comete con&nbsp;mayor frecuencia, teniendo un fuerte impacto en el tejido social. De acuerdo con&nbsp;cifras oficiales del Secretariado Ejecutivo del Sistema Nacional de Seguridad&nbsp;P\u00fablica, en el 2022 se registr\u00f3 el mayor n\u00famero de carpetas por extorsi\u00f3n, con un&nbsp;total de 10 mil 343 casos en comparaci\u00f3n a 2019, cuya cifra reportada fue de 8 mil&nbsp;734\u201d.&nbsp;<\/p>\n\n\n\n<p>\u201cLa prisi\u00f3n preventiva oficiosa constituye un instrumento que, al restringir\u00a0precautoriamente la libertad de los probables infractores, coadyuva tanto al control\u00a0de la criminalidad, como a la investigaci\u00f3n de los delitos y fortalecer la paz y el orden\u00a0sociales\u201d, se se\u00f1ala en la iniciativa.\u00a0<\/p>\n","protected":false},"excerpt":{"rendered":"<p>Redacci\u00f3n\/Zona Roja. Oaxaca de Ju\u00e1rez, Oax., a 28 de noviembre de 2024.- La 66 Legislatura&nbsp;local&hellip;<\/p>\n","protected":false},"author":2,"featured_media":74945,"comment_status":"closed","ping_status":"open","sticky":false,"template":"","format":"standard","meta":{"_lmt_disableupdate":"","_lmt_disable":"","_jetpack_memberships_contains_paid_content":false,"footnotes":""},"categories":[109,46],"tags":[303],"class_list":["post-74944","post","type-post","status-publish","format-standard","has-post-thumbnail","hentry","category-minuto-a-minuto","category-zona-blanca","tag-congreso-del-estado-de-oaxaca"],"jetpack_featured_media_url":"https:\/\/zonaroja.com.mx\/wp-content\/uploads\/2024\/11\/Sesion-extra-madrugada-juecves-Congreso.jpg","jetpack_sharing_enabled":true,"_links":{"self":[{"href":"https:\/\/zonaroja.com.mx\/index.php?rest_route=\/wp\/v2\/posts\/74944","targetHints":{"allow":["GET"]}}],"collection":[{"href":"https:\/\/zonaroja.com.mx\/index.php?rest_route=\/wp\/v2\/posts"}],"about":[{"href":"https:\/\/zonaroja.com.mx\/index.php?rest_route=\/wp\/v2\/types\/post"}],"author":[{"embeddable":true,"href":"https:\/\/zonaroja.com.mx\/index.php?rest_route=\/wp\/v2\/users\/2"}],"replies":[{"embeddable":true,"href":"https:\/\/zonaroja.com.mx\/index.php?rest_route=%2Fwp%2Fv2%2Fcomments&post=74944"}],"version-history":[{"count":2,"href":"https:\/\/zonaroja.com.mx\/index.php?rest_route=\/wp\/v2\/posts\/74944\/revisions"}],"predecessor-version":[{"id":74953,"href":"https:\/\/zonaroja.com.mx\/index.php?rest_route=\/wp\/v2\/posts\/74944\/revisions\/74953"}],"wp:featuredmedia":[{"embeddable":true,"href":"https:\/\/zonaroja.com.mx\/index.php?rest_route=\/wp\/v2\/media\/74945"}],"wp:attachment":[{"href":"https:\/\/zonaroja.com.mx\/index.php?rest_route=%2Fwp%2Fv2%2Fmedia&parent=74944"}],"wp:term":[{"taxonomy":"category","embeddable":true,"href":"https:\/\/zonaroja.com.mx\/index.php?rest_route=%2Fwp%2Fv2%2Fcategories&post=74944"},{"taxonomy":"post_tag","embeddable":true,"href":"https:\/\/zonaroja.com.mx\/index.php?rest_route=%2Fwp%2Fv2%2Ftags&post=74944"}],"curies":[{"name":"wp","href":"https:\/\/api.w.org\/{rel}","templated":true}]}}