{"id":74947,"date":"2024-11-28T08:15:00","date_gmt":"2024-11-28T14:15:00","guid":{"rendered":"https:\/\/zonaroja.com.mx\/?p=74947"},"modified":"2024-11-28T07:06:05","modified_gmt":"2024-11-28T13:06:05","slug":"indagan-dos-crimenes-en-mazatlan-villa-de-flores","status":"publish","type":"post","link":"https:\/\/zonaroja.com.mx\/?p=74947","title":{"rendered":"Indagan dos cr\u00edmenes en Mazatl\u00e1n Villa de Flores"},"content":{"rendered":"\n<p>Raymundo Morales\/Zona Roja.<\/p>\n\n\n\n<p>Oaxaca de Ju\u00e1rez, Oax., a 28 de noviembre de 2024.- La Fiscal\u00eda General del Estado de Oaxaca indaga dos cr\u00edmenes perpetrados este mi\u00e9rcoles en la regi\u00f3n Sierra de Flores Mag\u00f3n.<\/p>\n\n\n\n<p>De acuerdo con los reportes policiacos, en jurisdicci\u00f3n del municipio de Mazatl\u00e1n Villa de Flores fueron encontrado dos cuerpos sin vida, que fueron identificados por sus familiares como Jorge R. G., de 42 a\u00f1os de edad, y Ra\u00fal C. P., de 28 a\u00f1os.<\/p>\n\n\n\n<p>Ambos eran originarios de la comunidad de Aguacatitl\u00e1n, Mazatl\u00e1n, y se desconoce a\u00fan los motivos por los cuales fueron ultimados a balazos.<\/p>\n\n\n\n<p>Asimismo, seg\u00fan la informaci\u00f3n preliminar, por estos hechos hay una persona detenida, identificada como Nicol\u00e1s A. M., como probable responsable del doble homicidio.<\/p>\n\n\n\n<p>Fue puesto a disposici\u00f3n del Ministerio P\u00fablico, con la finalidad de ser llevado ante ante el juez, a fin de que se determine su situaci\u00f3n jur\u00eddica inicial.<\/p>\n","protected":false},"excerpt":{"rendered":"<p>Raymundo Morales\/Zona Roja. Oaxaca de Ju\u00e1rez, Oax., a 28 de noviembre de 2024.- La Fiscal\u00eda&hellip;<\/p>\n","protected":false},"author":2,"featured_media":74948,"comment_status":"closed","ping_status":"open","sticky":false,"template":"","format":"standard","meta":{"_lmt_disableupdate":"","_lmt_disable":"","_jetpack_memberships_contains_paid_content":false,"footnotes":""},"categories":[109,51],"tags":[1486],"class_list":["post-74947","post","type-post","status-publish","format-standard","has-post-thumbnail","hentry","category-minuto-a-minuto","category-zona-roja","tag-mazatlan-villa-de-flores"],"jetpack_featured_media_url":"https:\/\/zonaroja.com.mx\/wp-content\/uploads\/2024\/11\/Escena-violencia-asesinato-crimen.jpg","jetpack_sharing_enabled":true,"_links":{"self":[{"href":"https:\/\/zonaroja.com.mx\/index.php?rest_route=\/wp\/v2\/posts\/74947","targetHints":{"allow":["GET"]}}],"collection":[{"href":"https:\/\/zonaroja.com.mx\/index.php?rest_route=\/wp\/v2\/posts"}],"about":[{"href":"https:\/\/zonaroja.com.mx\/index.php?rest_route=\/wp\/v2\/types\/post"}],"author":[{"embeddable":true,"href":"https:\/\/zonaroja.com.mx\/index.php?rest_route=\/wp\/v2\/users\/2"}],"replies":[{"embeddable":true,"href":"https:\/\/zonaroja.com.mx\/index.php?rest_route=%2Fwp%2Fv2%2Fcomments&post=74947"}],"version-history":[{"count":1,"href":"https:\/\/zonaroja.com.mx\/index.php?rest_route=\/wp\/v2\/posts\/74947\/revisions"}],"predecessor-version":[{"id":74949,"href":"https:\/\/zonaroja.com.mx\/index.php?rest_route=\/wp\/v2\/posts\/74947\/revisions\/74949"}],"wp:featuredmedia":[{"embeddable":true,"href":"https:\/\/zonaroja.com.mx\/index.php?rest_route=\/wp\/v2\/media\/74948"}],"wp:attachment":[{"href":"https:\/\/zonaroja.com.mx\/index.php?rest_route=%2Fwp%2Fv2%2Fmedia&parent=74947"}],"wp:term":[{"taxonomy":"category","embeddable":true,"href":"https:\/\/zonaroja.com.mx\/index.php?rest_route=%2Fwp%2Fv2%2Fcategories&post=74947"},{"taxonomy":"post_tag","embeddable":true,"href":"https:\/\/zonaroja.com.mx\/index.php?rest_route=%2Fwp%2Fv2%2Ftags&post=74947"}],"curies":[{"name":"wp","href":"https:\/\/api.w.org\/{rel}","templated":true}]}}