{"id":74950,"date":"2024-11-28T09:18:00","date_gmt":"2024-11-28T15:18:00","guid":{"rendered":"https:\/\/zonaroja.com.mx\/?p=74950"},"modified":"2024-11-28T08:20:15","modified_gmt":"2024-11-28T14:20:15","slug":"contento-me-siento-como-una-quinceanera-maestro-cheo","status":"publish","type":"post","link":"https:\/\/zonaroja.com.mx\/?p=74950","title":{"rendered":"\u201cContento\u2026 Me siento como una quincea\u00f1era\u201d: maestro \u201cCheo\u201d"},"content":{"rendered":"\n<p>Ismael Garc\u00eda M.\/Zona Roja.<\/p>\n\n\n\n<p>Oaxaca de Ju\u00e1rez, Oax., a 28 de noviembre de 2024.- \u201cContento, estoy como, creo que no es el ejemplo, pero estoy como una quincea\u00f1era que va a su misa de 15 a\u00f1os, a su primer vals\u201d.<\/p>\n\n\n\n<p>As\u00ed dice el maestro pianista Eliseo Mart\u00ednez Garc\u00eda que se siente, por el homenaje que le rendir\u00e1 el ayuntamiento de Oaxaca de Ju\u00e1rez a su trayectoria, tras dejar el cargo en la Orquesta Sinf\u00f3nica de Oaxaca.<\/p>\n\n\n\n<p>Ayer en la sede municipal, se dieron a conocer las actividades para reconocer la labor del destacado m\u00fasico, originario de la capital, y quien por varias d\u00e9cadas ha dirigido diversas instituciones, entre ellas la Banda de M\u00fasica del Estado.<\/p>\n\n\n\n<p>\u201cContento de estar y yo no los quiero defraudar en las actividades programadas; reitero, contento y agradecimientos a todos por creer en mi persona. Contento, reitero\u201d, manifest\u00f3 durante la conferencia de prensa en que estuvieron diversos ciudadanos y autoridades encabezadas por el edil Francisco Mart\u00ednez Neri.<\/p>\n\n\n\n<p>A pregunta expresa, aconsej\u00f3 a los aspirantes a m\u00fasicos a estudiar y estudiar, pues es la \u00fanica clave para alcanzar el \u00e9xito.<\/p>\n\n\n\n<p>\u201cMi consejo para los que apenas vienen escalando la monta\u00f1a que es la m\u00fasica, no voy a inventar el agua tibia, es estudio, estudio y estudio. Estudio, no hay otra medicina m\u00e1s que el estudio; hay j\u00f3venes hoy en d\u00eda que creen que son los inventores del agua tibia y no\u2026 Y que cambien tambi\u00e9n la actitud, de respeto\u201d.<\/p>\n\n\n\n<p>Dijo que seguir\u00e1 en la labor que despe\u00f1a como m\u00fasico, en el templo de Santro Domingo como en lugares donde sea invitado y que las culminar\u00e1 hasta el \u00faltimo d\u00eda de su vida.<\/p>\n\n\n\n<p>\u201cTrabajo hay para un m\u00fasico, tengo que seguir, hasta que se cierren mis ojos. Hay mucho trabajo qu\u00e9 hacer\u201d.<\/p>\n\n\n\n<p>DESTACADO ARTISTA<\/p>\n\n\n\n<p>En su mensaje, el presidente municipal de Oaxaca de Ju\u00e1rez, Francisco Mart\u00ednez Neri, consider\u00f3 a Eliseo Mart\u00ednez Garc\u00eda como un hombre destacado en la entidad en la vida musical.<\/p>\n\n\n\n<p>\u201cEs una de esas personas que est\u00e1 presente en este momento, que se fue formando con base en sus habilidades. Lo que tenemos que hacer como ciudadanos y como instituciones, es reconocer p\u00fablicamente; es un gesto honrado y humano\u201d, expuso.<\/p>\n\n\n\n<p>Agradeci\u00f3 adem\u00e1s la labor que ha hecho en el terreno de la m\u00fasica y en la labor ciudadano, pues ha colaborado en m\u00faltiples iniciativas. \u201cVamos a sentirnos muy orgullosos de tener a un oaxaque\u00f1o que hace por el arte pero que tambi\u00e9n contribuye con las instituciones\u201d.<\/p>\n\n\n\n<p>Seg\u00fan dio a conocer la secretaria de Arte y Cultura municipal, Leticia Valle Mijangos, las actividades iniciar\u00e1n el 1 de diciembre, con un concierto que ofrecer\u00e1 el maestro \u201cCheo\u201d en el templo de Santo Domingo de Guzm\u00e1n, en la capital, a las 17:00 horas.<\/p>\n\n\n\n<p>El d\u00eda 3, en el palacio municipal se presentar\u00e1 el libro \u201cUna vida en la m\u00fasica\u201d, editada por el ayuntamiento, que trata sobre la trayectoria del destacado m\u00fasico, escrito por Jorge Pech. Habr\u00e1 adem\u00e1s un concierto con la participaci\u00f3n del tenor oaxaque\u00f1o Luis Adri\u00e1n.<\/p>\n\n\n\n<p>El 5 de diciembre en la Facultad de Bellas Artes de Oaxaca habr\u00e1 una audici\u00f3n con la Orquesta de C\u00e1mara.<\/p>\n\n\n\n<figure class=\"wp-block-embed is-type-rich is-provider-twitter wp-block-embed-twitter\"><div class=\"wp-block-embed__wrapper\">\n<div class=\"twitter-tweet\"><blockquote class=\"twitter-tweet\" data-lang=\"es\"><p lang=\"es\" dir=\"ltr\"><a href=\"https:\/\/twitter.com\/hashtag\/ENVIVO?src=hash&amp;ref_src=twsrc%5Etfw\">#ENVIVO<\/a><br>Oaxaca, Oax., a 27 de noviembre de 2024.- En la sede del ayuntamiento de Oaxaca de Ju\u00e1rez, el afamado m\u00fasico oaxaque\u00f1o Eliseo Mart\u00ednez anuncia su retiro de la actividad art\u00edstica p\u00fablica; el acto lo preside el edil <a href=\"https:\/\/twitter.com\/FMartinezNeri?ref_src=twsrc%5Etfw\">@FMartinezNeri<\/a>.<br>\ud83d\udc47<a href=\"https:\/\/t.co\/kmEvf0nZDw\">https:\/\/t.co\/kmEvf0nZDw<\/a>?<\/p>&mdash; Zona Roja Oaxaca (@ZonaRoja_Oaxaca) <a href=\"https:\/\/twitter.com\/ZonaRoja_Oaxaca\/status\/1861806766511513710?ref_src=twsrc%5Etfw\">27 de noviembre de 2024<\/a><\/blockquote><\/div>\n<\/div><\/figure>\n","protected":false},"excerpt":{"rendered":"<p>Ismael Garc\u00eda M.\/Zona Roja. Oaxaca de Ju\u00e1rez, Oax., a 28 de noviembre de 2024.- \u201cContento,&hellip;<\/p>\n","protected":false},"author":2,"featured_media":74951,"comment_status":"closed","ping_status":"open","sticky":false,"template":"","format":"standard","meta":{"_lmt_disableupdate":"","_lmt_disable":"","_jetpack_memberships_contains_paid_content":false,"footnotes":""},"categories":[109,46],"tags":[3432,2418],"class_list":["post-74950","post","type-post","status-publish","format-standard","has-post-thumbnail","hentry","category-minuto-a-minuto","category-zona-blanca","tag-eliseo-martinez-garcia","tag-francisco-martinez-neri"],"jetpack_featured_media_url":"https:\/\/zonaroja.com.mx\/wp-content\/uploads\/2024\/11\/Francisco-Martinez-Neri-Eliseo-Martinez-Garcia.jpeg","jetpack_sharing_enabled":true,"_links":{"self":[{"href":"https:\/\/zonaroja.com.mx\/index.php?rest_route=\/wp\/v2\/posts\/74950","targetHints":{"allow":["GET"]}}],"collection":[{"href":"https:\/\/zonaroja.com.mx\/index.php?rest_route=\/wp\/v2\/posts"}],"about":[{"href":"https:\/\/zonaroja.com.mx\/index.php?rest_route=\/wp\/v2\/types\/post"}],"author":[{"embeddable":true,"href":"https:\/\/zonaroja.com.mx\/index.php?rest_route=\/wp\/v2\/users\/2"}],"replies":[{"embeddable":true,"href":"https:\/\/zonaroja.com.mx\/index.php?rest_route=%2Fwp%2Fv2%2Fcomments&post=74950"}],"version-history":[{"count":1,"href":"https:\/\/zonaroja.com.mx\/index.php?rest_route=\/wp\/v2\/posts\/74950\/revisions"}],"predecessor-version":[{"id":74952,"href":"https:\/\/zonaroja.com.mx\/index.php?rest_route=\/wp\/v2\/posts\/74950\/revisions\/74952"}],"wp:featuredmedia":[{"embeddable":true,"href":"https:\/\/zonaroja.com.mx\/index.php?rest_route=\/wp\/v2\/media\/74951"}],"wp:attachment":[{"href":"https:\/\/zonaroja.com.mx\/index.php?rest_route=%2Fwp%2Fv2%2Fmedia&parent=74950"}],"wp:term":[{"taxonomy":"category","embeddable":true,"href":"https:\/\/zonaroja.com.mx\/index.php?rest_route=%2Fwp%2Fv2%2Fcategories&post=74950"},{"taxonomy":"post_tag","embeddable":true,"href":"https:\/\/zonaroja.com.mx\/index.php?rest_route=%2Fwp%2Fv2%2Ftags&post=74950"}],"curies":[{"name":"wp","href":"https:\/\/api.w.org\/{rel}","templated":true}]}}