{"id":74954,"date":"2024-11-28T10:25:00","date_gmt":"2024-11-28T16:25:00","guid":{"rendered":"https:\/\/zonaroja.com.mx\/?p=74954"},"modified":"2024-11-28T08:39:48","modified_gmt":"2024-11-28T14:39:48","slug":"descartan-finanzas-nuevos-impuestos-en-2025-apuesta-por-recaudacion","status":"publish","type":"post","link":"https:\/\/zonaroja.com.mx\/?p=74954","title":{"rendered":"Descartan Finanzas nuevos impuestos en 2025; apuesta por recaudaci\u00f3n"},"content":{"rendered":"\n<p>Ismael Garc\u00eda M.\/Zona Roja.<\/p>\n\n\n\n<p>Oaxaca de Ju\u00e1rez, Oax., a 28 de noviembre de 2024.- Al presentar el paquete fiscal 2025 al Congreso del Estado, que prev\u00e9 recursos por 103 mil millones de pesos, el secretario de Finanzas del gobierno de Oaxaca, Farid Acevedo L\u00f3pez, descart\u00f3 nuevos impuestos o aumento a los grav\u00e1menes actuales.<\/p>\n\n\n\n<p>En la reuni\u00f3n efectuada en la sede del Poder Legislativo y que presidi\u00f3 el presidente de la Junta de Coordinaci\u00f3n Pol\u00edtica, Benjam\u00edn Viveros Montalvo, el funcionario asegur\u00f3 que hay un incremento de alrededor de cuatro mil millones de pesos, comparado con el ejercicio anual actual.<\/p>\n\n\n\n<p>Dijo que en participaciones hay un incremento de alrededor de cerca de cuatro mil millones de pesos, con lo que pasa de 29 mil a 33 mil millones; no obstante, en aportaciones hay una reducci\u00f3n de tres mil millones de pesos.<\/p>\n\n\n\n<p>\u201cTraemos una propuesta de recaudaci\u00f3n, de ingresos propios, respecto del a\u00f1o anterior, de cerca de mil millones de pesos; el reto es recaudar m\u00e1s pero tenemos que ser cautos para poner las cifras en las leyes, no podemos irnos con la inercia de que porque estamos recaudando m\u00e1s tenemos que ponernos una meta m\u00e1s alta; si no la logramos, nosotros mismos nos afectamos\u201d, dijo.<\/p>\n\n\n\n<p>Expuso que en el sexenio actual que encabeza Salom\u00f3n Jara Cruz, se ha incrementado las recaudaciones; en el 2022 era de tres mil 900 millones de pesos; este a\u00f1o que est\u00e1 por terminar se prev\u00e9 recaudar alrededor de seis mil millones de pesos pero se proyectaron en la ley cuatro mil 500 millones de pesos.<\/p>\n\n\n\n<p>Expuso que no se tienen contemplados nuevos impuestos ni incrementos actuales; \u201clo que estamos haciendo es ampliar la base de contribuyentes, buscando la recaudaci\u00f3n, que es lo que se dej\u00f3 de hacer (en el sexenio pasado)\u201d.<\/p>\n\n\n\n<p>A\u00f1adi\u00f3 que en el Presupuesto de Egresos hay un crecimiento en el rubro de programas sociales, como es el caso de los ya etiquetados, alrededor de dos mil 200 millones de pesos, entre ellos apoyos al campo y caminos artesanales.<\/p>\n\n\n\n<p>Para el 2025, se pasar\u00eda de dos mil 200 millones de pesos, a tres mil 500 millones de pesos en programas sociales, aunado a la creaci\u00f3n de otros esquemas.<\/p>\n\n\n\n<p>Expuso que la apuesta del Gobierno del Estado es apoyar a los sectores m\u00e1s necesitados de la poblaci\u00f3n y confi\u00f3 en que las comisiones respectivas, as\u00ed como el pleno, voten a favor el paquete fiscal del pr\u00f3ximo a\u00f1o.<\/p>\n\n\n\n<p>Dijo que est\u00e1 a la disposici\u00f3n de las y los legisladores para el momento en que se les indique aportar mayores detalles respecto a la propuesta entregada.<\/p>\n\n\n\n<figure class=\"wp-block-embed is-type-rich is-provider-twitter wp-block-embed-twitter\"><div class=\"wp-block-embed__wrapper\">\n<div class=\"twitter-tweet\"><blockquote class=\"twitter-tweet\" data-lang=\"es\"><p lang=\"es\" dir=\"ltr\"><a href=\"https:\/\/twitter.com\/hashtag\/ENVIVO?src=hash&amp;ref_src=twsrc%5Etfw\">#ENVIVO<\/a><br>San Raymundo Jalpan, Oax., a 27 de noviembre de 2024.- El titular de la <a href=\"https:\/\/twitter.com\/SEFINGobOax?ref_src=twsrc%5Etfw\">@SEFINGobOax<\/a>, <a href=\"https:\/\/twitter.com\/Farid_AcevedoL?ref_src=twsrc%5Etfw\">@Farid_AcevedoL<\/a>, entrega el paquete fiscal 2025 al <a href=\"https:\/\/twitter.com\/CongresoOaxaca_?ref_src=twsrc%5Etfw\">@CongresoOaxaca_<\/a>. <br><br>Siga la transmisi\u00f3n:<br>\ud83d\udc47<a href=\"https:\/\/t.co\/2J3Ylbfpax\">https:\/\/t.co\/2J3Ylbfpax<\/a>?<\/p>&mdash; Zona Roja Oaxaca (@ZonaRoja_Oaxaca) <a href=\"https:\/\/twitter.com\/ZonaRoja_Oaxaca\/status\/1861858858169151946?ref_src=twsrc%5Etfw\">27 de noviembre de 2024<\/a><\/blockquote><\/div>\n<\/div><\/figure>\n","protected":false},"excerpt":{"rendered":"<p>Ismael Garc\u00eda M.\/Zona Roja. Oaxaca de Ju\u00e1rez, Oax., a 28 de noviembre de 2024.- Al&hellip;<\/p>\n","protected":false},"author":2,"featured_media":74955,"comment_status":"closed","ping_status":"open","sticky":false,"template":"","format":"standard","meta":{"_lmt_disableupdate":"","_lmt_disable":"","_jetpack_memberships_contains_paid_content":false,"footnotes":""},"categories":[109,46],"tags":[3507,2346],"class_list":["post-74954","post","type-post","status-publish","format-standard","has-post-thumbnail","hentry","category-minuto-a-minuto","category-zona-blanca","tag-farid-acevedo-lopez","tag-secretaria-de-finanzas-gobierno-de-oaxaca"],"jetpack_featured_media_url":"https:\/\/zonaroja.com.mx\/wp-content\/uploads\/2024\/11\/Secretario-de-Finanzas-paquete-fiscal-Congreso.jpg","jetpack_sharing_enabled":true,"_links":{"self":[{"href":"https:\/\/zonaroja.com.mx\/index.php?rest_route=\/wp\/v2\/posts\/74954","targetHints":{"allow":["GET"]}}],"collection":[{"href":"https:\/\/zonaroja.com.mx\/index.php?rest_route=\/wp\/v2\/posts"}],"about":[{"href":"https:\/\/zonaroja.com.mx\/index.php?rest_route=\/wp\/v2\/types\/post"}],"author":[{"embeddable":true,"href":"https:\/\/zonaroja.com.mx\/index.php?rest_route=\/wp\/v2\/users\/2"}],"replies":[{"embeddable":true,"href":"https:\/\/zonaroja.com.mx\/index.php?rest_route=%2Fwp%2Fv2%2Fcomments&post=74954"}],"version-history":[{"count":1,"href":"https:\/\/zonaroja.com.mx\/index.php?rest_route=\/wp\/v2\/posts\/74954\/revisions"}],"predecessor-version":[{"id":74956,"href":"https:\/\/zonaroja.com.mx\/index.php?rest_route=\/wp\/v2\/posts\/74954\/revisions\/74956"}],"wp:featuredmedia":[{"embeddable":true,"href":"https:\/\/zonaroja.com.mx\/index.php?rest_route=\/wp\/v2\/media\/74955"}],"wp:attachment":[{"href":"https:\/\/zonaroja.com.mx\/index.php?rest_route=%2Fwp%2Fv2%2Fmedia&parent=74954"}],"wp:term":[{"taxonomy":"category","embeddable":true,"href":"https:\/\/zonaroja.com.mx\/index.php?rest_route=%2Fwp%2Fv2%2Fcategories&post=74954"},{"taxonomy":"post_tag","embeddable":true,"href":"https:\/\/zonaroja.com.mx\/index.php?rest_route=%2Fwp%2Fv2%2Ftags&post=74954"}],"curies":[{"name":"wp","href":"https:\/\/api.w.org\/{rel}","templated":true}]}}