{"id":74957,"date":"2024-11-28T12:30:00","date_gmt":"2024-11-28T18:30:00","guid":{"rendered":"https:\/\/zonaroja.com.mx\/?p=74957"},"modified":"2024-11-28T10:00:03","modified_gmt":"2024-11-28T16:00:03","slug":"preocupa-a-observatorio-de-derechos-humanos-violencia-en-zona-triqui","status":"publish","type":"post","link":"https:\/\/zonaroja.com.mx\/?p=74957","title":{"rendered":"Preocupa a Observatorio de Derechos Humanos violencia en zona Triqui"},"content":{"rendered":"\n<p>Redacci\u00f3n\/Zona Roja.<\/p>\n\n\n\n<p>Oaxaca de Ju\u00e1rez, Oax., a 28 de noviembre de 2024.- El Observatorio para la Protecci\u00f3n de los Defensores de Derechos Humanos emiti\u00f3 una Alerta Urgente en la que solicita la intervenci\u00f3n inmediata en relaci\u00f3n al asesinato de las defensoras ind\u00edgenas triquis Adriana y Virginia Ortiz Garc\u00eda.&nbsp;<\/p>\n\n\n\n<p>En el documento, se\u00f1alan su preocupaci\u00f3n por el grave contexto de violencia y por el alto riesgo que significa este doble asesinato para sus familiares,&nbsp; personas testigas y personas defensoras en Oaxaca.&nbsp;<\/p>\n\n\n\n<p>En la Acci\u00f3n Urgente, el Observatorio urge al Estado Mexicano a adoptar todas las medidas necesarias para garantizar la seguridad f\u00edsica y psicol\u00f3gica de Emelia Ortiz Garc\u00eda y dem\u00e1s integrantes de la familia de Adriana y Virginia Ortiz Garc\u00eda, y de los testigos del asesinato<\/p>\n\n\n\n<p>En la Alerta solicitan tambi\u00e9n al Estado Mexicano que lleve a cabo una investigaci\u00f3n inmediata, independiente, exhaustiva, efectiva e imparcial para identificar y condenar tanto a los responsables materiales como intelectuales del asesinato de Adriana y Virginia Ortiz Garc\u00eda<\/p>\n\n\n\n<p>El Observatorio para la Protecci\u00f3n de los Defensores de Derechos Humanos es un&nbsp; programa conjunto de la Organizaci\u00f3n Mundial Contra la Tortura (OMCT) con sede en Bruselas, B\u00e9lgica y Ginebra, Suiza, y de la Federaci\u00f3n Internacional por los Derechos Humanos (FIDH) con sede en Paris, Francia.&nbsp;<\/p>\n","protected":false},"excerpt":{"rendered":"<p>Redacci\u00f3n\/Zona Roja. Oaxaca de Ju\u00e1rez, Oax., a 28 de noviembre de 2024.- El Observatorio para&hellip;<\/p>\n","protected":false},"author":2,"featured_media":74958,"comment_status":"closed","ping_status":"open","sticky":false,"template":"","format":"standard","meta":{"_lmt_disableupdate":"","_lmt_disable":"","_jetpack_memberships_contains_paid_content":false,"footnotes":""},"categories":[109,47],"tags":[2322],"class_list":["post-74957","post","type-post","status-publish","format-standard","has-post-thumbnail","hentry","category-minuto-a-minuto","category-zona-gris","tag-desplazados-triquis-copala"],"jetpack_featured_media_url":"https:\/\/zonaroja.com.mx\/wp-content\/uploads\/2024\/11\/Hermanas-triquis-asesinadas-MULT.jpeg","jetpack_sharing_enabled":true,"_links":{"self":[{"href":"https:\/\/zonaroja.com.mx\/index.php?rest_route=\/wp\/v2\/posts\/74957","targetHints":{"allow":["GET"]}}],"collection":[{"href":"https:\/\/zonaroja.com.mx\/index.php?rest_route=\/wp\/v2\/posts"}],"about":[{"href":"https:\/\/zonaroja.com.mx\/index.php?rest_route=\/wp\/v2\/types\/post"}],"author":[{"embeddable":true,"href":"https:\/\/zonaroja.com.mx\/index.php?rest_route=\/wp\/v2\/users\/2"}],"replies":[{"embeddable":true,"href":"https:\/\/zonaroja.com.mx\/index.php?rest_route=%2Fwp%2Fv2%2Fcomments&post=74957"}],"version-history":[{"count":1,"href":"https:\/\/zonaroja.com.mx\/index.php?rest_route=\/wp\/v2\/posts\/74957\/revisions"}],"predecessor-version":[{"id":74959,"href":"https:\/\/zonaroja.com.mx\/index.php?rest_route=\/wp\/v2\/posts\/74957\/revisions\/74959"}],"wp:featuredmedia":[{"embeddable":true,"href":"https:\/\/zonaroja.com.mx\/index.php?rest_route=\/wp\/v2\/media\/74958"}],"wp:attachment":[{"href":"https:\/\/zonaroja.com.mx\/index.php?rest_route=%2Fwp%2Fv2%2Fmedia&parent=74957"}],"wp:term":[{"taxonomy":"category","embeddable":true,"href":"https:\/\/zonaroja.com.mx\/index.php?rest_route=%2Fwp%2Fv2%2Fcategories&post=74957"},{"taxonomy":"post_tag","embeddable":true,"href":"https:\/\/zonaroja.com.mx\/index.php?rest_route=%2Fwp%2Fv2%2Ftags&post=74957"}],"curies":[{"name":"wp","href":"https:\/\/api.w.org\/{rel}","templated":true}]}}