{"id":74960,"date":"2024-11-28T11:30:00","date_gmt":"2024-11-28T17:30:00","guid":{"rendered":"https:\/\/zonaroja.com.mx\/?p=74960"},"modified":"2024-11-28T10:06:39","modified_gmt":"2024-11-28T16:06:39","slug":"aborda-consejo-consultivo-de-turismo-avancese-en-sector","status":"publish","type":"post","link":"https:\/\/zonaroja.com.mx\/?p=74960","title":{"rendered":"Aborda Consejo Consultivo de Turismo av\u00e1ncese en sector"},"content":{"rendered":"\n<p>Redacci\u00f3n\/Zona Roja.<\/p>\n\n\n\n<p>Oaxaca de Ju\u00e1rez, Oax., a 28 de noviembre de 2024.- En representaci\u00f3n del gobernador Salom\u00f3n Jara Cruz, la titular de la secretaria de Turismo, Saymi Pineda Velasco, encabez\u00f3 la Tercera Sesi\u00f3n Ordinaria 2024 del Consejo Consultivo de Turismo de Oaxaca, en la cual se abordaron los avances y propuestas para continuar fortaleciendo este sector econ\u00f3mico.<\/p>\n\n\n\n<p>En este encuentro refrend\u00f3 el compromiso del Gobierno del Estado para trabajar como nunca en el desarrollo integral y sustentable de las ocho regiones de Oaxaca para asegurar el bienestar de la ciudadan\u00eda mediante el impulso de las diferentes actividades tur\u00edsticas.<\/p>\n\n\n\n<p>Ante autoridades municipales, representantes de c\u00e1maras empresariales, personas prestadoras de servicios tur\u00edsticos y la Comisi\u00f3n Permanente de Turismo de la 66 Legislatura Local, se inform\u00f3 sobre las medidas implementadas en la promoci\u00f3n de los destinos de la entidad en el mercado nacional e internacional.&nbsp;<\/p>\n\n\n\n<p>Tambi\u00e9n se detallaron las acciones realizadas de octubre del 2023 a septiembre del 2024 que fortalecieron la industria en el estado para cumplir con los objetivos de la Reforma a la Ley de Turismo del Estado.<\/p>\n\n\n\n<p>Mediante la participaci\u00f3n activa de las dependencias del Gobierno del Estado que integran el Consejo se atiende de manera transversal las necesidades del turismo oaxaque\u00f1o con el objetivo de construir estrategias s\u00f3lidas y efectivas que impulsen el desarrollo de este sector y el bienestar de la ciudadan\u00eda.<\/p>\n\n\n\n<p>REGISTRO AEROPUERTARIO<\/p>\n\n\n\n<p>Por otra parte, la Secretar\u00eda de Turismo del Estado (Sectur Oaxaca) inform\u00f3 que de enero a octubre de este a\u00f1o se registr\u00f3 un total de 2 millones 876 mil 116 personas atendidas en los cuatro aeropuertos de la entidad, el incremento en la conectividad a\u00e9rea ha generado una mayor afluencia tur\u00edstica.<\/p>\n\n\n\n<p>Durante estos 10 meses se registraron 11 mil 658 frecuencias de vuelos hacia destinos nacionales e internacionales, se ofertaron un mill\u00f3n 766 mil 196 asientos, y se alcanz\u00f3 una ocupaci\u00f3n a\u00e9rea del 79.58 por ciento en los aeropuertos de Oaxaca, Bah\u00edas de Huatulco, Puerto Escondido y Ciudad Ixtepec.<\/p>\n\n\n\n<p>La titular de la Sectur Oaxaca Saymi Pineda Velasco refiri\u00f3 que el gran n\u00famero de visitantes a la entidad refleja el \u00e9xito de las actividades tur\u00edsticas que impulsa como nunca antes la Primavera Oaxaque\u00f1a para fortalecer la econom\u00eda local.<\/p>\n\n\n\n<p>Indic\u00f3 que se tiene previsto la ampliaci\u00f3n del Aeropuerto Internacional de Oaxaca, que actualmente tiene siete mil metros cuadrados de infraestructura, a 28 mil metros cuadrados.<\/p>\n\n\n\n<p>Solo en el mes de octubre los aeropuertos registraron un total de mil 86 frecuencias de vuelos, con la oferta de 170 mil 41 asientos, una ocupaci\u00f3n a\u00e9rea del 82.28 por ciento, y se atendi\u00f3 a 266 mil 226 personas.<\/p>\n\n\n\n<p>CELEBRAN AL AUDITORIO<\/p>\n\n\n\n<p>El auditorio \u201cGuelaguetza\u201d es un s\u00edmbolo de la identidad, parte de la historia y la cultura de las y los oaxaque\u00f1os, afirm\u00f3 la secretaria de Turismo, Saymi Pineda Velasco durante la celebraci\u00f3n del medio siglo del coloso que se alza majestuoso en el cerro del \u201cFort\u00edn\u201d. En el marco de este evento, tambi\u00e9n se devel\u00f3 una placa por los 50 a\u00f1os de historia del recinto.&nbsp;<\/p>\n\n\n\n<p>En representaci\u00f3n del Gobernador Salom\u00f3n Jara Cruz, dijo que este sitio lleno de historia es un s\u00edmbolo arquitect\u00f3nico y \u201cel coraz\u00f3n palpitante de las tradiciones de Oaxaca, un faro de unidad y orgullo para las y los oaxaque\u00f1os\u201d.<\/p>\n\n\n\n<p>Record\u00f3 que hace m\u00e1s de 90 a\u00f1os, en 1932, naci\u00f3 en ese lugar la semilla de lo que hoy se conoce como la m\u00e1xima fiesta de las y los oaxaque\u00f1os, la Guelaguetza. En el IV Centenario de la elevaci\u00f3n de Oaxaca a rango de ciudad, se erigi\u00f3 la primera estructura, conocida entonces como la \u201cRotonda de las Azucenas\u201d y desde entonces, el recinto ha congregado a las 16 culturas y al pueblo afromexicano de las ocho regiones para compartir sus danzas, arte y esencia popular.<\/p>\n\n\n\n<p>Pineda Velasco expuso que el coloso emblem\u00e1tico de la arquitectura de la capital conserva su m\u00edstica en el dise\u00f1o inspirado en los antiguos teatros griegos y romanos, como homenaje a la armon\u00eda entre el hombre y la naturaleza, donde m\u00e1s de 11 mil almas disfrutan las presentaciones de las delegaciones y se fortalece la identidad de las y los oaxaque\u00f1os.<\/p>\n\n\n\n<p>Asimismo, reafirm\u00f3 el compromiso del Gobernador Salom\u00f3n Jara Cruz para preservar este espacio y lo que representa: la diversidad cultural, la riqueza de las ra\u00edces y el futuro de un Oaxaca m\u00e1s unido, m\u00e1s fuerte y m\u00e1s orgulloso de s\u00ed mismo, \u201cel Auditorio Guelaguetza es, y siempre ser\u00e1, un lugar donde converge lo mejor de nuestra historia y nuestras aspiraciones\u201d.<\/p>\n\n\n\n<p>En su intervenci\u00f3n, el secretario de Administraci\u00f3n Noel Hern\u00e1ndez Rito destac\u00f3 que este recinto posiciona a Oaxaca como un destino cultural de clase mundial, por lo que &nbsp;seguir\u00e1n &nbsp;con el compromiso de preservarlo para las futuras generaciones.<\/p>\n\n\n\n<p>Durante la ceremonia, se rindi\u00f3 homenaje a Luis Laureano V\u00e1squez Ch\u00e1vez, con 36 a\u00f1os de servicio, 17 de los cuales ha dedicado al cuidado y buen funcionamiento del Auditorio Guelaguetza.&nbsp;<\/p>\n","protected":false},"excerpt":{"rendered":"<p>Redacci\u00f3n\/Zona Roja. Oaxaca de Ju\u00e1rez, Oax., a 28 de noviembre de 2024.- En representaci\u00f3n del&hellip;<\/p>\n","protected":false},"author":2,"featured_media":74961,"comment_status":"closed","ping_status":"open","sticky":false,"template":"","format":"standard","meta":{"_lmt_disableupdate":"","_lmt_disable":"","_jetpack_memberships_contains_paid_content":false,"footnotes":""},"categories":[109,46],"tags":[1031],"class_list":["post-74960","post","type-post","status-publish","format-standard","has-post-thumbnail","hentry","category-minuto-a-minuto","category-zona-blanca","tag-secretaria-de-turismo-oaxaca"],"jetpack_featured_media_url":"https:\/\/zonaroja.com.mx\/wp-content\/uploads\/2024\/11\/Sesion-Consejo-Turismo.jpeg","jetpack_sharing_enabled":true,"_links":{"self":[{"href":"https:\/\/zonaroja.com.mx\/index.php?rest_route=\/wp\/v2\/posts\/74960","targetHints":{"allow":["GET"]}}],"collection":[{"href":"https:\/\/zonaroja.com.mx\/index.php?rest_route=\/wp\/v2\/posts"}],"about":[{"href":"https:\/\/zonaroja.com.mx\/index.php?rest_route=\/wp\/v2\/types\/post"}],"author":[{"embeddable":true,"href":"https:\/\/zonaroja.com.mx\/index.php?rest_route=\/wp\/v2\/users\/2"}],"replies":[{"embeddable":true,"href":"https:\/\/zonaroja.com.mx\/index.php?rest_route=%2Fwp%2Fv2%2Fcomments&post=74960"}],"version-history":[{"count":1,"href":"https:\/\/zonaroja.com.mx\/index.php?rest_route=\/wp\/v2\/posts\/74960\/revisions"}],"predecessor-version":[{"id":74962,"href":"https:\/\/zonaroja.com.mx\/index.php?rest_route=\/wp\/v2\/posts\/74960\/revisions\/74962"}],"wp:featuredmedia":[{"embeddable":true,"href":"https:\/\/zonaroja.com.mx\/index.php?rest_route=\/wp\/v2\/media\/74961"}],"wp:attachment":[{"href":"https:\/\/zonaroja.com.mx\/index.php?rest_route=%2Fwp%2Fv2%2Fmedia&parent=74960"}],"wp:term":[{"taxonomy":"category","embeddable":true,"href":"https:\/\/zonaroja.com.mx\/index.php?rest_route=%2Fwp%2Fv2%2Fcategories&post=74960"},{"taxonomy":"post_tag","embeddable":true,"href":"https:\/\/zonaroja.com.mx\/index.php?rest_route=%2Fwp%2Fv2%2Ftags&post=74960"}],"curies":[{"name":"wp","href":"https:\/\/api.w.org\/{rel}","templated":true}]}}