{"id":74966,"date":"2024-11-28T16:22:14","date_gmt":"2024-11-28T22:22:14","guid":{"rendered":"https:\/\/zonaroja.com.mx\/?p=74966"},"modified":"2024-11-28T16:22:15","modified_gmt":"2024-11-28T22:22:15","slug":"sin-paridad-la-competencia-por-un-cargo-en-el-poder-judicial-federal","status":"publish","type":"post","link":"https:\/\/zonaroja.com.mx\/?p=74966","title":{"rendered":"Sin paridad, la competencia por un cargo en el Poder Judicial federal"},"content":{"rendered":"\n<p>Redacci\u00f3n\/Zona Roja Cdmx.<\/p>\n\n\n\n<p>Ciudad de M\u00e9xico, a 28 de noviembre de 2024.- Aunque el Poder Legislativo tuvo el mayor n\u00famero de aspirantes a la elecci\u00f3n judicial, con las inscripciones no se alcanza la paridad de g\u00e9nero, pues s\u00f3lo 35 por ciento del total son mujeres, inform\u00f3 Andr\u00e9s Garc\u00eda Repper, integrante del Comit\u00e9 de Evaluaci\u00f3n, en entrevista con medios de comunicaci\u00f3n.<\/p>\n\n\n\n<p>En total, al cierre de la convocatoria el 24 de noviembre, el Poder Legislativo recibi\u00f3 11 mil 904 registros, de los cuales 258 fueron de forma f\u00edsica.<\/p>\n\n\n\n<p>Aunado a ello, hubo 15 mil 242 registros por correo electr\u00f3nico.<\/p>\n\n\n\n<p>\u201cHasta ahorita te puedo hablar de una tendencia, 65-35 por ciento (hombres-mujeres), es la tendencia hasta ahora\u201c, coment\u00f3 Andr\u00e9s Garc\u00eda Repper, integrante del Comit\u00e9 de Evaluaci\u00f3n.<\/p>\n\n\n\n<p>\u201cEsperemos que con la cifra que estamos consolidando de los correos que recibimos, ese n\u00famero aumente; porque adem\u00e1s es un principio de la paridad, tendr\u00edamos que establecer paridad en los participantes\u201d.<\/p>\n\n\n\n<p>Record\u00f3 que la reforma establece el principio de paridad, por lo que independientemente de cu\u00e1ntos hombres se hayan inscrito, las listas finales estar\u00e1n integradas bajo el mismo.<\/p>\n\n\n\n<p>Ante la sospecha de la oposici\u00f3n de que el registro qued\u00f3 inflado, explic\u00f3 que el comit\u00e9 se encuentra en una fase de depuraci\u00f3n, pues debido a la saturaci\u00f3n del sistema, se habilitaron tres correos electr\u00f3nicos para recibir registros y se repitieron<\/p>\n\n\n\n<p>\u201cMuchos de ellos son triplicados, cuadruplicados, de personas que estaban escritas o que estaban intentando registrase y dijeron: En lugar de meterlo por un correo, lo meto por los tres. O que est\u00e9n enviando documentos, uno por cada correo.<\/p>\n\n\n\n<p>\u201cEl equipo de inform\u00e1tica del comit\u00e9 est\u00e1 verificando todos estos correos para cruzarlos con esta base de datos y tener una cifra consolidada de las personas que se inscribieron\u201d.<\/p>\n\n\n\n<p>Sin embargo, dijo entender que la oposici\u00f3n \u201ctenga suspicacia, sospecha, porque su intenci\u00f3n es descalificar los procedimientos democr\u00e1ticos\u201d.<\/p>\n\n\n\n<p>Indic\u00f3 que se prev\u00e9 que el pr\u00f3ximo lunes puedan dar una numeralia de cu\u00e1ntas personas se inscribieron para los cargos de ministros, magistrados o jueces.<\/p>\n\n\n\n<p>El comit\u00e9 tiene hasta el 15 de diciembre para publicar la primera lista de personas elegibles, y despu\u00e9s de ello se pasar\u00e1 a la fase de evaluar su idoneidad.<\/p>\n\n\n\n<p>Aunque el Instituto Nacional Electoral (INE) est\u00e1 ya abierto a recibir quejas respecto de presuntas irregularidades, como actos anticipados de campa\u00f1a, de aspirantes en esta elecci\u00f3n, acot\u00f3 que ese tipo de procedimientos no determinar\u00e1n la decisi\u00f3n del comit\u00e9 para integrar las listas.<\/p>\n\n\n\n<p>\u201cNosotros no podemos tomar en cuenta eso, porque no forma parte de los requisitos. Si ellos cometen una imprudencia y se ponen a hacer actos anticipados, etc\u00e9tera, pues corresponder\u00e1 al INE determinar si continuar\u00e1n o no, pero est\u00e1 m\u00e1s all\u00e1 de nuestras facultades\u201d.<\/p>\n\n\n\n<p>El especialista en derecho electoral asegur\u00f3 que el comit\u00e9 est\u00e1 trabajando de manera libre y ser\u00e1 imparcial<\/p>\n\n\n\n<p>(Informaci\u00f3n de \u201cEl Financiero\u201d)<\/p>\n","protected":false},"excerpt":{"rendered":"<p>Redacci\u00f3n\/Zona Roja Cdmx. Ciudad de M\u00e9xico, a 28 de noviembre de 2024.- Aunque el Poder&hellip;<\/p>\n","protected":false},"author":2,"featured_media":69371,"comment_status":"closed","ping_status":"open","sticky":false,"template":"","format":"standard","meta":{"_lmt_disableupdate":"","_lmt_disable":"","_jetpack_memberships_contains_paid_content":false,"footnotes":""},"categories":[109,47],"tags":[],"class_list":["post-74966","post","type-post","status-publish","format-standard","has-post-thumbnail","hentry","category-minuto-a-minuto","category-zona-gris"],"jetpack_featured_media_url":"https:\/\/zonaroja.com.mx\/wp-content\/uploads\/2024\/06\/Estado-de-derecho-juez-sentencia.webp","jetpack_sharing_enabled":true,"_links":{"self":[{"href":"https:\/\/zonaroja.com.mx\/index.php?rest_route=\/wp\/v2\/posts\/74966","targetHints":{"allow":["GET"]}}],"collection":[{"href":"https:\/\/zonaroja.com.mx\/index.php?rest_route=\/wp\/v2\/posts"}],"about":[{"href":"https:\/\/zonaroja.com.mx\/index.php?rest_route=\/wp\/v2\/types\/post"}],"author":[{"embeddable":true,"href":"https:\/\/zonaroja.com.mx\/index.php?rest_route=\/wp\/v2\/users\/2"}],"replies":[{"embeddable":true,"href":"https:\/\/zonaroja.com.mx\/index.php?rest_route=%2Fwp%2Fv2%2Fcomments&post=74966"}],"version-history":[{"count":1,"href":"https:\/\/zonaroja.com.mx\/index.php?rest_route=\/wp\/v2\/posts\/74966\/revisions"}],"predecessor-version":[{"id":74967,"href":"https:\/\/zonaroja.com.mx\/index.php?rest_route=\/wp\/v2\/posts\/74966\/revisions\/74967"}],"wp:featuredmedia":[{"embeddable":true,"href":"https:\/\/zonaroja.com.mx\/index.php?rest_route=\/wp\/v2\/media\/69371"}],"wp:attachment":[{"href":"https:\/\/zonaroja.com.mx\/index.php?rest_route=%2Fwp%2Fv2%2Fmedia&parent=74966"}],"wp:term":[{"taxonomy":"category","embeddable":true,"href":"https:\/\/zonaroja.com.mx\/index.php?rest_route=%2Fwp%2Fv2%2Fcategories&post=74966"},{"taxonomy":"post_tag","embeddable":true,"href":"https:\/\/zonaroja.com.mx\/index.php?rest_route=%2Fwp%2Fv2%2Ftags&post=74966"}],"curies":[{"name":"wp","href":"https:\/\/api.w.org\/{rel}","templated":true}]}}