{"id":74968,"date":"2024-11-28T16:27:19","date_gmt":"2024-11-28T22:27:19","guid":{"rendered":"https:\/\/zonaroja.com.mx\/?p=74968"},"modified":"2024-11-28T16:27:21","modified_gmt":"2024-11-28T22:27:21","slug":"llega-programa-fiscalia-en-tu-comunidad-a-san-pablo-cuatro-venados","status":"publish","type":"post","link":"https:\/\/zonaroja.com.mx\/?p=74968","title":{"rendered":"Llega programa \u201cFiscal\u00eda en tu Comunidad\u201d a San Pablo Cuatro Venados"},"content":{"rendered":"\n<p>Redacci\u00f3n\/Zona Roja.<\/p>\n\n\n\n<p>Oaxaca de Ju\u00e1rez, Oax. 28 de noviembre de 2024.-&nbsp; Al realizar una jornada del programa de proximidad social \u201cFiscal\u00eda en tu Comunidad\u201d en el municipio de San Pablo Cuatro Venados, el Fiscal General del Estado de Oaxaca, Bernardo Rodr\u00edguez Alamilla, dijo que el objetivo prioritario de este programa es construir puentes que permitan recuperar la confianza de la ciudadan\u00eda, por ello se busca colaborar en forma estrecha con las autoridades municipales para llevar a cabo acciones eficaces para atender las necesidades de la poblaci\u00f3n en materia de procuraci\u00f3n de justicia.<\/p>\n\n\n\n<p>Acompa\u00f1ado por el presidente municipal de San Pablo Cuatro Venados, Inocencio Morales L\u00f3pez; as\u00ed como por el s\u00edndico municipal, Crescencio L\u00f3pez Mart\u00ednez; la regidora de Seguridad, Florencia Hern\u00e1ndez Luis; la suplente de la Regidur\u00eda de Seguridad, Rosario L\u00f3pez Hern\u00e1ndez; la directora de la Telesecundaria de la comunidad, Miriam Barradas M\u00e9ndez, la titular de la Instancia Municipal de la Mujer, Alicia Socorro V\u00e1squez; el Vicefiscal de Valles Centrales, Samuel Jim\u00e9nez Acevedo y el<\/p>\n\n\n\n<p>Fiscal Especializado Adscrito a la Fiscal\u00eda Especializada en Materia de Combate a la Corrupci\u00f3n, Francisco Javier Curtidor M\u00e9ndez; el Fiscal General Bernardo Rodr\u00edguez&nbsp; Alamilla explic\u00f3 que este programa acerca los servicios de la instituci\u00f3n a la ciudadan\u00eda, pero adem\u00e1s brinda procesos formativos en materia de prevenci\u00f3n del delito.<\/p>\n\n\n\n<p>El titular de la Fiscal\u00eda General del Estado de Oaxaca, Bernardo Rodr\u00edguez Alamilla detall\u00f3 que un punto nodal dentro de este programa es acercar a las y los elementos de las polic\u00edas municipales procesos formativos que les permitan adquirir herramientas que les ayuden a realizar sus labores con mayor eficacia y apego a la legalidad.<\/p>\n\n\n\n<p>Adem\u00e1s se pone especial atenci\u00f3n en acercar y presentar a las mujeres de las comunidades la informaci\u00f3n referente a la identificaci\u00f3n y prevenci\u00f3n del delito de violencia familiar, adem\u00e1s de establecer un v\u00ednculo con la autoridad municipal que permita acercar los servicios que tiene la Fiscal\u00eda de Oaxaca para atender este delito y generar una sinergia interinstitucional que ayude a brindar una atenci\u00f3n integral de calidad y calidez.<\/p>\n\n\n\n<p>Por su parte, el presidente municipal Inocencio Morales L\u00f3pez reconoci\u00f3 que este acercamiento hace posible mejorar los servicios de seguridad y procuraci\u00f3n al adquirir conocimientos esenciales para desempe\u00f1ar mejor sus funciones como autoridades, especialmente a la polic\u00eda municipal a la que brinda herramientas para hacer m\u00e1s eficaz su trabajo en materia de atenci\u00f3n al delito y su prevenci\u00f3n.<\/p>\n\n\n\n<p>El programa \u201cFiscal\u00eda en tu comunidad\u201d acerca los servicios del organismo procurador de justicia y brinda capacitaci\u00f3n continua en temas como Informe Policial Homologado y Primer Respondiente, Procesos de atenci\u00f3n del Centro de Justicia para Mujeres, as\u00ed como temas de prevenci\u00f3n del delito en adolescentes, adem\u00e1s de integrar a los procesos formativos informaci\u00f3n en materia de combate a la corrupci\u00f3n.<\/p>\n","protected":false},"excerpt":{"rendered":"<p>Redacci\u00f3n\/Zona Roja. Oaxaca de Ju\u00e1rez, Oax. 28 de noviembre de 2024.-&nbsp; Al realizar una jornada&hellip;<\/p>\n","protected":false},"author":2,"featured_media":74969,"comment_status":"closed","ping_status":"open","sticky":false,"template":"","format":"standard","meta":{"_lmt_disableupdate":"","_lmt_disable":"","_jetpack_memberships_contains_paid_content":false,"footnotes":""},"categories":[109,46],"tags":[494],"class_list":["post-74968","post","type-post","status-publish","format-standard","has-post-thumbnail","hentry","category-minuto-a-minuto","category-zona-blanca","tag-fiscalia-general-del-estado-de-oaxaca"],"jetpack_featured_media_url":"https:\/\/zonaroja.com.mx\/wp-content\/uploads\/2024\/11\/Fiscalia-Cuatro-Venados.jpeg","jetpack_sharing_enabled":true,"_links":{"self":[{"href":"https:\/\/zonaroja.com.mx\/index.php?rest_route=\/wp\/v2\/posts\/74968","targetHints":{"allow":["GET"]}}],"collection":[{"href":"https:\/\/zonaroja.com.mx\/index.php?rest_route=\/wp\/v2\/posts"}],"about":[{"href":"https:\/\/zonaroja.com.mx\/index.php?rest_route=\/wp\/v2\/types\/post"}],"author":[{"embeddable":true,"href":"https:\/\/zonaroja.com.mx\/index.php?rest_route=\/wp\/v2\/users\/2"}],"replies":[{"embeddable":true,"href":"https:\/\/zonaroja.com.mx\/index.php?rest_route=%2Fwp%2Fv2%2Fcomments&post=74968"}],"version-history":[{"count":1,"href":"https:\/\/zonaroja.com.mx\/index.php?rest_route=\/wp\/v2\/posts\/74968\/revisions"}],"predecessor-version":[{"id":74970,"href":"https:\/\/zonaroja.com.mx\/index.php?rest_route=\/wp\/v2\/posts\/74968\/revisions\/74970"}],"wp:featuredmedia":[{"embeddable":true,"href":"https:\/\/zonaroja.com.mx\/index.php?rest_route=\/wp\/v2\/media\/74969"}],"wp:attachment":[{"href":"https:\/\/zonaroja.com.mx\/index.php?rest_route=%2Fwp%2Fv2%2Fmedia&parent=74968"}],"wp:term":[{"taxonomy":"category","embeddable":true,"href":"https:\/\/zonaroja.com.mx\/index.php?rest_route=%2Fwp%2Fv2%2Fcategories&post=74968"},{"taxonomy":"post_tag","embeddable":true,"href":"https:\/\/zonaroja.com.mx\/index.php?rest_route=%2Fwp%2Fv2%2Ftags&post=74968"}],"curies":[{"name":"wp","href":"https:\/\/api.w.org\/{rel}","templated":true}]}}