{"id":74974,"date":"2024-11-28T20:54:40","date_gmt":"2024-11-29T02:54:40","guid":{"rendered":"https:\/\/zonaroja.com.mx\/?p=74974"},"modified":"2024-11-28T20:54:42","modified_gmt":"2024-11-29T02:54:42","slug":"aprehende-fiscalia-a-tercer-implicado-en-asesinato-de-dos-mujeres-triquis","status":"publish","type":"post","link":"https:\/\/zonaroja.com.mx\/?p=74974","title":{"rendered":"Aprehende Fiscal\u00eda a tercer implicado en asesinato de dos mujeres Triquis"},"content":{"rendered":"\n<p>Raymundo Morales\/Zona Roja.<\/p>\n\n\n\n<p>Oaxaca de Ju\u00e1rez, Oax., a 28 de noviembre de 2024.- Una tercera persona que habr\u00eda participado en el asesinato de dos mujeres triquis en la ciudad de Oaxaca, fue detenida por la Fiscal\u00eda General del Estado de Oaxaca (FGEO).<\/p>\n\n\n\n<p>En un comunicado, la instituci\u00f3n que encabeza Bernardo Rodr\u00edguez Alamilla inform\u00f3 que se trata de L. E. R. V., a quien se le ejecut\u00f3 una orden de aprehensi\u00f3n por el delito de homicidio calificado en contra de Virginia y\u00a0Adriana Ortiz Garc\u00eda.<\/p>\n\n\n\n<p>Detall\u00f3 que, derivado de las investigaciones ministeriales que realiza la FGEO, a trav\u00e9s de la Fiscal\u00eda Especializada para la Atenci\u00f3n a Delitos de Alto Impacto, se logr\u00f3 establecer la mec\u00e1nica de los hechos y las rutas de persecuci\u00f3n y escape de los responsables, adem\u00e1s de la recopilaci\u00f3n de los datos de prueba que condujeron a conocer la identidad de un tercer implicado en este delito.&nbsp;<\/p>\n\n\n\n<p>\u201cA trav\u00e9s de estos actos de investigaci\u00f3n apegados a la legalidad y a la ciencia jur\u00eddica, la Fiscal\u00eda de Oaxaca solicit\u00f3 la orden de aprehensi\u00f3n correspondiente, la cual fue emitida por un Juez de Control que evalu\u00f3 los resultados preliminares de las indagatorias.<\/p>\n\n\n\n<p>En su comunicado, a\u00f1adi\u00f3 que tras su captura, L. E. R. V. fue llevado a audiencia en la que la Fiscal\u00eda de Oaxaca realiz\u00f3 la formulaci\u00f3n de la imputaci\u00f3n y solicit\u00f3 la vinculaci\u00f3n a proceso, quedando a la espera de que el Juez de Control emita la resoluci\u00f3n en el t\u00e9rmino legal correspondiente.<\/p>\n\n\n\n<p>El doble homicidio ocurri\u00f3 la noche del 5 de noviembre de 2024, en calles de la colonia Francisco I. Madero en la ciudad de Oaxaca de Ju\u00e1rez, lugar donde agredieron con disparos de arma de fuego a dos mujeres identificadas como Virginia y Adriana de apellidos Ortiz Garc\u00eda, quienes fallecieron a consecuencia de las lesiones infligidas durante el ataque.<\/p>\n","protected":false},"excerpt":{"rendered":"<p>Raymundo Morales\/Zona Roja. Oaxaca de Ju\u00e1rez, Oax., a 28 de noviembre de 2024.- Una tercera&hellip;<\/p>\n","protected":false},"author":2,"featured_media":74975,"comment_status":"closed","ping_status":"open","sticky":false,"template":"","format":"standard","meta":{"_lmt_disableupdate":"","_lmt_disable":"","_jetpack_memberships_contains_paid_content":false,"footnotes":""},"categories":[109,46],"tags":[494],"class_list":["post-74974","post","type-post","status-publish","format-standard","has-post-thumbnail","hentry","category-minuto-a-minuto","category-zona-blanca","tag-fiscalia-general-del-estado-de-oaxaca"],"jetpack_featured_media_url":"https:\/\/zonaroja.com.mx\/wp-content\/uploads\/2024\/11\/Detenido-caso-mujeres-triquis-asesinadas.jpg","jetpack_sharing_enabled":true,"_links":{"self":[{"href":"https:\/\/zonaroja.com.mx\/index.php?rest_route=\/wp\/v2\/posts\/74974","targetHints":{"allow":["GET"]}}],"collection":[{"href":"https:\/\/zonaroja.com.mx\/index.php?rest_route=\/wp\/v2\/posts"}],"about":[{"href":"https:\/\/zonaroja.com.mx\/index.php?rest_route=\/wp\/v2\/types\/post"}],"author":[{"embeddable":true,"href":"https:\/\/zonaroja.com.mx\/index.php?rest_route=\/wp\/v2\/users\/2"}],"replies":[{"embeddable":true,"href":"https:\/\/zonaroja.com.mx\/index.php?rest_route=%2Fwp%2Fv2%2Fcomments&post=74974"}],"version-history":[{"count":1,"href":"https:\/\/zonaroja.com.mx\/index.php?rest_route=\/wp\/v2\/posts\/74974\/revisions"}],"predecessor-version":[{"id":74976,"href":"https:\/\/zonaroja.com.mx\/index.php?rest_route=\/wp\/v2\/posts\/74974\/revisions\/74976"}],"wp:featuredmedia":[{"embeddable":true,"href":"https:\/\/zonaroja.com.mx\/index.php?rest_route=\/wp\/v2\/media\/74975"}],"wp:attachment":[{"href":"https:\/\/zonaroja.com.mx\/index.php?rest_route=%2Fwp%2Fv2%2Fmedia&parent=74974"}],"wp:term":[{"taxonomy":"category","embeddable":true,"href":"https:\/\/zonaroja.com.mx\/index.php?rest_route=%2Fwp%2Fv2%2Fcategories&post=74974"},{"taxonomy":"post_tag","embeddable":true,"href":"https:\/\/zonaroja.com.mx\/index.php?rest_route=%2Fwp%2Fv2%2Ftags&post=74974"}],"curies":[{"name":"wp","href":"https:\/\/api.w.org\/{rel}","templated":true}]}}