{"id":74982,"date":"2024-11-29T13:15:00","date_gmt":"2024-11-29T19:15:00","guid":{"rendered":"https:\/\/zonaroja.com.mx\/?p=74982"},"modified":"2024-11-29T07:16:03","modified_gmt":"2024-11-29T13:16:03","slug":"opinion-flores-magon-frente-al-autoritarismo","status":"publish","type":"post","link":"https:\/\/zonaroja.com.mx\/?p=74982","title":{"rendered":"Opini\u00f3n. Flores Mag\u00f3n frente al autoritarismo"},"content":{"rendered":"\n<p>N\u00e9stor Y. S\u00e1nchez Islas.<\/p>\n\n\n\n<p>Reci\u00e9n se cumpli\u00f3 otro aniversario m\u00e1s del inicio de la Revoluci\u00f3n Mexicana y uno m\u00e1s del fallecimiento de Ricardo Flores Mag\u00f3n, sus posturas frente al autoritarismo y la libertad de expresi\u00f3n hoy vuelven a tener vigencia ante el vuelco autoritario que el partido en el poder le est\u00e1 dando a su gobierno.&nbsp;<\/p>\n\n\n\n<p>La desaparici\u00f3n de instituciones, como los organismos aut\u00f3nomos, la colonizaci\u00f3n del Poder Judicial y el Congreso conformado por&nbsp;\u201cvergonzosos hombres y mujeres sin voluntad propia\u201d&nbsp;solo nos dejan una lectura: todo el poder en M\u00e9xico est\u00e1 en manos de una sola persona y,&nbsp;a&nbsp;los pocos contrapesos que a\u00fan quedan como es la prensa, se le presiona&nbsp;y estigmatiza para callarla.<\/p>\n\n\n\n<p>Ricardo Flores Mag\u00f3n&nbsp;tuvo una postura firme y radical a favor de la libertad de prensa, consider\u00e1ndola un pilar fundamental para la lucha contra la opresi\u00f3n, el autoritarismo y las injusticias sociales.&nbsp;<\/p>\n\n\n\n<p>Cre\u00eda que la prensa era una herramienta esencial para informar, organizar y concientizar a la poblaci\u00f3n, especialmente a los sectores m\u00e1s desfavorecidos, sobre sus derechos y&nbsp;contra&nbsp;la&nbsp;injusticia.<\/p>\n\n\n\n<p>Critic\u00f3 fuertemente al r\u00e9gimen de Porfirio D\u00edaz, mismo que lo persigui\u00f3 y lo censur\u00f3. Sosten\u00eda que la libertad de prensa no solo era un derecho individual, sino un elemento indispensable para construir una sociedad democr\u00e1tica y justa.&nbsp;<\/p>\n\n\n\n<p>A trav\u00e9s de su peri\u00f3dico \u201cRegeneraci\u00f3n\u201d divulg\u00f3 su ideolog\u00eda, denunci\u00f3 abusos y promovi\u00f3 la organizaci\u00f3n de obreros y campesinos.<\/p>\n\n\n\n<p>Para Ricardo Flores Mag\u00f3n el periodismo y el ejercicio cotidiano de la libertad de expresi\u00f3n son pilares de la democracia y herramientas de resistencia ante gobiernos totalitarios y opresores.&nbsp;<\/p>\n\n\n\n<p>A \u00e9l se le atribuye la siguiente frase: \u201cSin libertad de palabra, no puede haber libertad alguna. La libertad de palabra es el m\u00e1s precioso bien que tienen los pueblos.\u00bb No debemos olvidar el contexto de los a\u00f1os del porfiriato que se caracteriz\u00f3 por la censura, la represi\u00f3n y la concentraci\u00f3n del poder, situaci\u00f3n&nbsp;a la que nos acercamos cada d\u00eda m\u00e1s.<\/p>\n\n\n\n<p>El periodismo,&nbsp;dec\u00eda&nbsp;Flores Mag\u00f3n, no deb\u00eda limitarse solo a informar sino tambi\u00e9n a una labor mucho m\u00e1s trascendente que era la de educar y movilizar.&nbsp;Para \u00e9l, la prensa fue una herramienta&nbsp;de liberaci\u00f3n antes los mecanismos de opresi\u00f3n&nbsp;del autoritarismo de un presidente que concentraba en \u00e9l todos los poderes.&nbsp;Si la prensa era el \u00faltimo contrapeso, esa prensa deb\u00eda ser una prensa de combate, como&nbsp;lo&nbsp;fue.<\/p>\n\n\n\n<p>Critic\u00f3 ferozmente al r\u00e9gimen porfirista por reprimir la libertad de expresi\u00f3n mediante censura, clausura de peri\u00f3dicos y encarcelamiento de periodistas. En su opini\u00f3n, el control del discurso p\u00fablico era una de las formas m\u00e1s efectivas de perpetuar la tiran\u00eda.&nbsp;<\/p>\n\n\n\n<p>La situaci\u00f3n no ha cambiado mucho para los periodistas que son especialmente denostados desde el p\u00falpito ma\u00f1anero desde hace seis a\u00f1os. Un dem\u00f3crata soporta la cr\u00edtica, un tirano uso todos los medios para callarla.&nbsp;<\/p>\n\n\n\n<p>La prensa&nbsp;cr\u00edtica&nbsp;es de las pocas herramientas que quedan contra la alienaci\u00f3n, fanatismo e ignorancia de las masas. La prensa cr\u00edtica es, y ha sido, el peor enemigo&nbsp;en&nbsp;los \u00e1nimos autoritarios&nbsp;y corruptos&nbsp;de los presidentes.&nbsp;<\/p>\n\n\n\n<p>As\u00ed como no hay dictaduras buenas&nbsp;o&nbsp;malas puesto que todas son malas, tambi\u00e9n es lo mismo con el autoritarismo.&nbsp;<\/p>\n\n\n\n<p>Un gobierno con concentra todo el poder en una sola persona es autoritario,&nbsp;sea de izquierda o de derecha.&nbsp;<\/p>\n\n\n\n<p>Ricardo Flores Mag\u00f3n critic\u00f3 el autoritarismo de Porfirio D\u00edaz. Entre las propuestas del Partido Liberal Mexicano que el encabez\u00f3 destacaba la necesidad de disminuir los poderes del presidente que los concentraba todos, como sucede hoy.&nbsp;<\/p>\n\n\n\n<p>Public\u00f3 en febrero de 1901 en su peri\u00f3dico \u201cRegeneraci\u00f3n\u201d:&nbsp;\u201cEl general D\u00edaz, para gobernar solo y ser el \u00fanico amo, como ha sido, se ha rodeado de un grupo de aut\u00f3matas, de hombres que no tienen m\u00e1s voluntad que la del jefe, de hombres sin iniciativa y perdidos completamente para todo lo que signifique energ\u00edas particulares y activas\u201d.<\/p>\n\n\n\n<p>Para \u00e9l no hab\u00eda la menor duda que la concentraci\u00f3n del poder en una sola persona era, en la pr\u00e1ctica, la ra\u00edz de la opresi\u00f3n, explotaci\u00f3n y desigualdades sociales. Puesto ya en el extremo radical del anarquismo rechazaba la existencia de un poder centralizado, ya fuera en manos de una persona, un grupo o el Estado en general.&nbsp;<\/p>\n\n\n\n<p>La concentraci\u00f3n de poder era simple y sencillamente el ejercicio desp\u00f3tico del poder por una elite que se serv\u00eda del estado para explotar y someter al pueblo.<\/p>\n\n\n\n<p>Desde el despotismo de su poder, el presidente Obrador endeud\u00f3 a M\u00e9xico&nbsp;para pagar sus obras fara\u00f3nicas.&nbsp;<\/p>\n\n\n\n<p>Hoy estamos en el umbral de una crisis econ\u00f3mica.&nbsp;No se crearon f\u00e1bricas&nbsp;sino elefantes blancos. No alcanza el dinero del presupuesto y se&nbsp;recorta&nbsp;34%&nbsp;el&nbsp;presupuesto para salud&nbsp;entres&nbsp;otros&nbsp;recortes inhumanos de un gobierno que presume&nbsp;su humanismo&nbsp;desde&nbsp;el&nbsp;autoritarismo.<\/p>\n\n\n\n<p>\u201cLa tiran\u00eda es tiran\u00eda, venga de un rey, de un dictador o de un presidente electo.\u201d&nbsp;RFM.<\/p>\n\n\n\n<p><a href=\"mailto:nestoryuri@yahoo.com\">nestoryuri@yahoo.com<\/a><\/p>\n","protected":false},"excerpt":{"rendered":"<p>N\u00e9stor Y. S\u00e1nchez Islas. Reci\u00e9n se cumpli\u00f3 otro aniversario m\u00e1s del inicio de la Revoluci\u00f3n&hellip;<\/p>\n","protected":false},"author":2,"featured_media":67897,"comment_status":"closed","ping_status":"open","sticky":false,"template":"","format":"standard","meta":{"_lmt_disableupdate":"","_lmt_disable":"","_jetpack_memberships_contains_paid_content":false,"footnotes":""},"categories":[456,109],"tags":[3050],"class_list":["post-74982","post","type-post","status-publish","format-standard","has-post-thumbnail","hentry","category-columna","category-minuto-a-minuto","tag-nestor-yuri-sanchez"],"jetpack_featured_media_url":"https:\/\/zonaroja.com.mx\/wp-content\/uploads\/2024\/05\/Opinion-Nestor-Yuri-Sanchez.jpeg","jetpack_sharing_enabled":true,"_links":{"self":[{"href":"https:\/\/zonaroja.com.mx\/index.php?rest_route=\/wp\/v2\/posts\/74982","targetHints":{"allow":["GET"]}}],"collection":[{"href":"https:\/\/zonaroja.com.mx\/index.php?rest_route=\/wp\/v2\/posts"}],"about":[{"href":"https:\/\/zonaroja.com.mx\/index.php?rest_route=\/wp\/v2\/types\/post"}],"author":[{"embeddable":true,"href":"https:\/\/zonaroja.com.mx\/index.php?rest_route=\/wp\/v2\/users\/2"}],"replies":[{"embeddable":true,"href":"https:\/\/zonaroja.com.mx\/index.php?rest_route=%2Fwp%2Fv2%2Fcomments&post=74982"}],"version-history":[{"count":1,"href":"https:\/\/zonaroja.com.mx\/index.php?rest_route=\/wp\/v2\/posts\/74982\/revisions"}],"predecessor-version":[{"id":74983,"href":"https:\/\/zonaroja.com.mx\/index.php?rest_route=\/wp\/v2\/posts\/74982\/revisions\/74983"}],"wp:featuredmedia":[{"embeddable":true,"href":"https:\/\/zonaroja.com.mx\/index.php?rest_route=\/wp\/v2\/media\/67897"}],"wp:attachment":[{"href":"https:\/\/zonaroja.com.mx\/index.php?rest_route=%2Fwp%2Fv2%2Fmedia&parent=74982"}],"wp:term":[{"taxonomy":"category","embeddable":true,"href":"https:\/\/zonaroja.com.mx\/index.php?rest_route=%2Fwp%2Fv2%2Fcategories&post=74982"},{"taxonomy":"post_tag","embeddable":true,"href":"https:\/\/zonaroja.com.mx\/index.php?rest_route=%2Fwp%2Fv2%2Ftags&post=74982"}],"curies":[{"name":"wp","href":"https:\/\/api.w.org\/{rel}","templated":true}]}}