{"id":74987,"date":"2024-11-29T09:32:00","date_gmt":"2024-11-29T15:32:00","guid":{"rendered":"https:\/\/zonaroja.com.mx\/?p=74987"},"modified":"2024-11-29T07:45:39","modified_gmt":"2024-11-29T13:45:39","slug":"disminuyen-violencia-y-asesinatos-de-mujeres-asegura-gobierno","status":"publish","type":"post","link":"https:\/\/zonaroja.com.mx\/?p=74987","title":{"rendered":"Disminuyen violencia y asesinatos de mujeres, asegura gobierno"},"content":{"rendered":"\n<p>Ismael Garc\u00eda M.\/Zona Roja.<\/p>\n\n\n\n<p>Oaxaca de Ju\u00e1rez, Oax., a 29 de noviembre de 2024.- De acuerdo con cifras del gabinete de seguridad del gobierno de Oaxaca, en los dos \u00faltimos a\u00f1os han disminuido los feminicidios y los homicidios dolosos de mujeres.<\/p>\n\n\n\n<p>Con base en datos de la Fiscal\u00eda General del Estado y de la Secretar\u00eda de Seguridad y Protecci\u00f3n Ciudadana, del a\u00f1o 2022 al 2024, se logr\u00f3 una disminuci\u00f3n de casos de feminicidio en un 60.52 por ciento; adem\u00e1s, hay un 81.2 por ciento de tasa de efectividad en la resoluci\u00f3n de casos.<\/p>\n\n\n\n<p>Mientras que en el a\u00f1o 2022, \u00faltimo del gobierno de Alejandro Murat Hinojosa, se tuvo el registro de 38 casos, en el 2023, primero de Salom\u00f3n Jara, se contabilizaron 35, mientras que de enero a octubre de este a\u00f1o suman 15 casos.<\/p>\n\n\n\n<p>Con respecto al homicidio doloso de mujeres, del 2022 al 2024 se logr\u00f3 una disminuci\u00f3n del 46.32 por ciento, seg\u00fan los datos dados a conocer ayer por el secretario de Gobierno, Jes\u00fas Romero L\u00f3pez.<\/p>\n\n\n\n<p>En el a\u00f1o 2002 se registraron 136 cr\u00edmenes; en el 2023 fueron 85 y de enero a octubre suman 73.<\/p>\n\n\n\n<p>Con respecto a los casos de violaci\u00f3n en la entidad oaxaque\u00f1a, de 2022 al 2024 se registra una disminuci\u00f3n del 13.13 por ciento; en 2022 fueron 373, en 2024 sumaron 396 y en los primeros 10 meses de este a\u00f1o van 324.<\/p>\n\n\n\n<p>En cuanto a lesiones dolosas, en los tres \u00faltimos a\u00f1os se ha registrado una disminuci\u00f3n del 10.44 por ciento; en violencia familiar en el mismo lapso hay una baja del 16.36 por ciento, de acuerdo con los datos proporcionados por la autoridad estatal.<\/p>\n","protected":false},"excerpt":{"rendered":"<p>Ismael Garc\u00eda M.\/Zona Roja. Oaxaca de Ju\u00e1rez, Oax., a 29 de noviembre de 2024.- De&hellip;<\/p>\n","protected":false},"author":2,"featured_media":73545,"comment_status":"closed","ping_status":"open","sticky":false,"template":"","format":"standard","meta":{"_lmt_disableupdate":"","_lmt_disable":"","_jetpack_memberships_contains_paid_content":false,"footnotes":""},"categories":[109,47],"tags":[1081,2577],"class_list":["post-74987","post","type-post","status-publish","format-standard","has-post-thumbnail","hentry","category-minuto-a-minuto","category-zona-gris","tag-feminicidios-en-oaxaca","tag-gobierno-de-estado-de-oaxaca"],"jetpack_featured_media_url":"https:\/\/zonaroja.com.mx\/wp-content\/uploads\/2024\/10\/Violencia-mujeres-feminicidio.jpg","jetpack_sharing_enabled":true,"_links":{"self":[{"href":"https:\/\/zonaroja.com.mx\/index.php?rest_route=\/wp\/v2\/posts\/74987","targetHints":{"allow":["GET"]}}],"collection":[{"href":"https:\/\/zonaroja.com.mx\/index.php?rest_route=\/wp\/v2\/posts"}],"about":[{"href":"https:\/\/zonaroja.com.mx\/index.php?rest_route=\/wp\/v2\/types\/post"}],"author":[{"embeddable":true,"href":"https:\/\/zonaroja.com.mx\/index.php?rest_route=\/wp\/v2\/users\/2"}],"replies":[{"embeddable":true,"href":"https:\/\/zonaroja.com.mx\/index.php?rest_route=%2Fwp%2Fv2%2Fcomments&post=74987"}],"version-history":[{"count":1,"href":"https:\/\/zonaroja.com.mx\/index.php?rest_route=\/wp\/v2\/posts\/74987\/revisions"}],"predecessor-version":[{"id":74988,"href":"https:\/\/zonaroja.com.mx\/index.php?rest_route=\/wp\/v2\/posts\/74987\/revisions\/74988"}],"wp:featuredmedia":[{"embeddable":true,"href":"https:\/\/zonaroja.com.mx\/index.php?rest_route=\/wp\/v2\/media\/73545"}],"wp:attachment":[{"href":"https:\/\/zonaroja.com.mx\/index.php?rest_route=%2Fwp%2Fv2%2Fmedia&parent=74987"}],"wp:term":[{"taxonomy":"category","embeddable":true,"href":"https:\/\/zonaroja.com.mx\/index.php?rest_route=%2Fwp%2Fv2%2Fcategories&post=74987"},{"taxonomy":"post_tag","embeddable":true,"href":"https:\/\/zonaroja.com.mx\/index.php?rest_route=%2Fwp%2Fv2%2Ftags&post=74987"}],"curies":[{"name":"wp","href":"https:\/\/api.w.org\/{rel}","templated":true}]}}