{"id":74989,"date":"2024-11-29T10:30:00","date_gmt":"2024-11-29T16:30:00","guid":{"rendered":"https:\/\/zonaroja.com.mx\/?p=74989"},"modified":"2024-11-29T08:16:28","modified_gmt":"2024-11-29T14:16:28","slug":"vigilan-con-camaras-la-central-de-abasto-de-oaxaca-capital-inauguran-c2","status":"publish","type":"post","link":"https:\/\/zonaroja.com.mx\/?p=74989","title":{"rendered":"Vigilan con c\u00e1maras la Central de Abasto de Oaxaca capital; inauguran C2"},"content":{"rendered":"\n<p>Redacci\u00f3n\/Zona Roja.<\/p>\n\n\n\n<p>Oaxaca de Ju\u00e1rez, Oax., a 28 de noviembre 2024.- Para dar cumplimiento al compromiso de mejorar la seguridad en el epicentro comercial m\u00e1s grande del estado, el presidente municipal, Francisco Mart\u00ednez Neri, devel\u00f3 la placa inaugural de las instalaciones del Centro de Comando y Control (C2), en el coraz\u00f3n de la Central de Abasto. &nbsp;<\/p>\n\n\n\n<p>El edil capitalino asegur\u00f3 que la materializaci\u00f3n de estas acciones son resultado de la colaboraci\u00f3n y esfuerzo de elementos adscritos a la Secretar\u00eda de Seguridad Ciudadana, Movilidad y Protecci\u00f3n Civil, de colaboradores del Sindicato Independiente 3 de Marzo, comerciantes y comunidad vecinal, quienes se sumaron a la recuperaci\u00f3n del inmueble.&nbsp;<\/p>\n\n\n\n<p>\u201cHoy celebramos no solo la inauguraci\u00f3n de un Centro de Control, sino tambi\u00e9n la consolidaci\u00f3n de un modelo de trabajo cooperativo que sin duda ser\u00e1 ejemplo para crear otros espacios similares en la ciudad\u201d, expuso el primer concejal ante integrantes del Cabildo, agentes municipales y l\u00edderes del Mercado de Abasto.&nbsp;<\/p>\n\n\n\n<p>Junto al director general de Asuntos Jur\u00eddicos de la Secretar\u00eda de Seguridad y Protecci\u00f3n Ciudadana, Erik Cruz Bracamontes, quien asisti\u00f3 en representaci\u00f3n del Gobernador del Estado, Salom\u00f3n Jara Cruz, Mart\u00ednez Neri destac\u00f3 que, gracias a la tecnolog\u00eda con la que se cuenta en dicho centro, ahora ser\u00e1 posible monitorear, en tiempo real, las \u00e1reas cr\u00edticas para coordinar respuestas ante cualquier situaci\u00f3n de emergencia.&nbsp;<\/p>\n\n\n\n<p>Detall\u00f3 que, a trav\u00e9s de estas acciones se busca ofrecer mayor seguridad y vigilancia, tanto a quienes laboran en el lugar como a vecinas y vecinos, quienes han atestiguado una mayor presencia policial en la zona.&nbsp;<\/p>\n\n\n\n<p>\u201cSigamos trabajando con la misma dedicaci\u00f3n y compromiso para hacer de nuestra Central de Abasto un espacio m\u00e1s seguro, mejor ordenado y m\u00e1s pr\u00f3spero para todas y todos\u201d, concluy\u00f3 el Presidente Municipal con la asistencia de la Presidenta Honoraria del Sistema DIF Municipal, Bernarda Gonz\u00e1lez Rivas e Isabel Raymundo Santiago, Presidenta de la colonia Cosijoeza.&nbsp;<\/p>\n\n\n\n<p>Por su parte, el secretario de Seguridad Ciudadana, Movilidad y Protecci\u00f3n Civil, Ra\u00fal \u00c1vila Ibarra explic\u00f3 que gracias a los trabajos de recuperaci\u00f3n del inmueble, actualmente el Centro de Comando y Control C2 de la Central de Abasto cuenta con un consultorio m\u00e9dico y de apoyo psicol\u00f3gico, un \u00e1rea destinada a la Unidad de Prevenci\u00f3n del Delito, cocina, comedor, ba\u00f1o y un sistema de videovigilancia con 45 c\u00e1maras exclusivas para la zona. &nbsp;&nbsp;<\/p>\n\n\n\n<p>Adem\u00e1s, el m\u00f3dulo de seguridad y atenci\u00f3n ciudadana, cuenta con veh\u00edculos de emergencia como lo son, una gr\u00faa de canastilla, ambulancia y una unidad ligera de ataque contra incendios.<\/p>\n\n\n\n<p>\u201cAgradezco su confianza y apoyo para llevar a buen puerto este importante proyecto que, sin tintes de sensacionalismo, es una acci\u00f3n que trasciende en la historia, no solamente de la zona, sino de la capital del estado\u201d, asegur\u00f3 Ra\u00fal \u00c1vila.<\/p>\n\n\n\n<p>En tanto, Erik Cruz Bracamontes, puntualiz\u00f3 que, como parte del trabajo coordinado con instancias estatales de seguridad, el Centro de Control y Comando C2, Central de Abasto, se encuentra conectado con el Centro de Control, Comando y Comunicaci\u00f3n (C4), el cual dar\u00e1 atenci\u00f3n a emergencias m\u00e9dicas, protecci\u00f3n civil y especialmente de seguridad.&nbsp;<\/p>\n\n\n\n<p>Por otra parte y al hacer uso de la voz, el representante del Mercado de Abasto, Gonzalo Rodr\u00edguez, agradeci\u00f3 a las autoridades municipales por dar atenci\u00f3n a una de las necesidades m\u00e1s apremiantes de la zona, con lo que dijo, se avanza hacia una Central de Abasto m\u00e1s confiable y segura para clientes y visitantes.&nbsp;<\/p>\n\n\n\n<p>\u201cA partir de hoy, con la inauguraci\u00f3n del C2, compa\u00f1eros y amigos, tendremos un mercado m\u00e1s seguro; con el esfuerzo de las autoridades municipales, dirigentes de comerciantes y quienes trabajamos aqu\u00ed, podemos sacar adelante a este gran mercado\u201d, concluy\u00f3 Gonzalo Rodr\u00edguez quien se acompa\u00f1\u00f3 de Lucio L\u00f3pez, representante tambi\u00e9n del mercado.<\/p>\n","protected":false},"excerpt":{"rendered":"<p>Redacci\u00f3n\/Zona Roja. Oaxaca de Ju\u00e1rez, Oax., a 28 de noviembre 2024.- Para dar cumplimiento al&hellip;<\/p>\n","protected":false},"author":2,"featured_media":74990,"comment_status":"closed","ping_status":"open","sticky":false,"template":"","format":"standard","meta":{"_lmt_disableupdate":"","_lmt_disable":"","_jetpack_memberships_contains_paid_content":false,"footnotes":""},"categories":[109,46],"tags":[2418,148],"class_list":["post-74989","post","type-post","status-publish","format-standard","has-post-thumbnail","hentry","category-minuto-a-minuto","category-zona-blanca","tag-francisco-martinez-neri","tag-oaxaca-de-juarez"],"jetpack_featured_media_url":"https:\/\/zonaroja.com.mx\/wp-content\/uploads\/2024\/11\/C2-Central-de-Abasto.jpeg","jetpack_sharing_enabled":true,"_links":{"self":[{"href":"https:\/\/zonaroja.com.mx\/index.php?rest_route=\/wp\/v2\/posts\/74989","targetHints":{"allow":["GET"]}}],"collection":[{"href":"https:\/\/zonaroja.com.mx\/index.php?rest_route=\/wp\/v2\/posts"}],"about":[{"href":"https:\/\/zonaroja.com.mx\/index.php?rest_route=\/wp\/v2\/types\/post"}],"author":[{"embeddable":true,"href":"https:\/\/zonaroja.com.mx\/index.php?rest_route=\/wp\/v2\/users\/2"}],"replies":[{"embeddable":true,"href":"https:\/\/zonaroja.com.mx\/index.php?rest_route=%2Fwp%2Fv2%2Fcomments&post=74989"}],"version-history":[{"count":1,"href":"https:\/\/zonaroja.com.mx\/index.php?rest_route=\/wp\/v2\/posts\/74989\/revisions"}],"predecessor-version":[{"id":74991,"href":"https:\/\/zonaroja.com.mx\/index.php?rest_route=\/wp\/v2\/posts\/74989\/revisions\/74991"}],"wp:featuredmedia":[{"embeddable":true,"href":"https:\/\/zonaroja.com.mx\/index.php?rest_route=\/wp\/v2\/media\/74990"}],"wp:attachment":[{"href":"https:\/\/zonaroja.com.mx\/index.php?rest_route=%2Fwp%2Fv2%2Fmedia&parent=74989"}],"wp:term":[{"taxonomy":"category","embeddable":true,"href":"https:\/\/zonaroja.com.mx\/index.php?rest_route=%2Fwp%2Fv2%2Fcategories&post=74989"},{"taxonomy":"post_tag","embeddable":true,"href":"https:\/\/zonaroja.com.mx\/index.php?rest_route=%2Fwp%2Fv2%2Ftags&post=74989"}],"curies":[{"name":"wp","href":"https:\/\/api.w.org\/{rel}","templated":true}]}}