{"id":7499,"date":"2020-01-10T08:56:38","date_gmt":"2020-01-10T14:56:38","guid":{"rendered":"http:\/\/www.zonaroja.com.mx\/?p=7499"},"modified":"2020-01-10T08:56:42","modified_gmt":"2020-01-10T14:56:42","slug":"joven-muerto-y-anciano-herido-saldo-de-ataque-armado-en-tuxtepec","status":"publish","type":"post","link":"https:\/\/zonaroja.com.mx\/?p=7499","title":{"rendered":"Joven muerto y anciano herido, saldo de ataque armado en Tuxtepec"},"content":{"rendered":"\n<p>Redacci\u00f3n\/Zona Roja.<\/p>\n\n\n\n<p>Oaxaca de Ju\u00e1rez, Oax., 10 de enero\nde 2020.- Una persona herida y una fallecida es el saldo de un ataque armado a\nun domicilio, perpetrado anoche en San Juan Bautista Tuxtepec.<\/p>\n\n\n\n<p>Los hechos sucedieron en la calle \u00darsulo\nGalv\u00e1n de la colonia Siglo XXI, en que sujetos desconocidos dispararon de\nmanera directa en contra de dos individuos.<\/p>\n\n\n\n<p>Tras ello, Antonio Sebasti\u00e1n Mariano,\nde aproximadamente 28 a\u00f1os de edad, perdi\u00f3 la vida, mientras que Fidel Cruz\nCh\u00e1vez, de 80 a\u00f1os, result\u00f3 herido de gravedad.<\/p>\n\n\n\n<p>Tambi\u00e9n la noche de este jueves, ocurrieron\ndos asaltos violentos en Tuxtepec, uno de ellos en la empresa \u201cGas del\nPapaloapan\u201d, ubicado en el bulevar Antonio Fern\u00e1ndez.<\/p>\n\n\n\n<p>Asimismo, sujetos armados atracaron\nen la gasoliner\u00eda ubicada en el Ejido Las Limas. De acuerdo con informes\npoliciacos, en ninguno de los hechos hay personas detenidas.<\/p>\n","protected":false},"excerpt":{"rendered":"<p>Redacci\u00f3n\/Zona Roja. Oaxaca de Ju\u00e1rez, Oax., 10 de enero de 2020.- Una persona herida y&hellip;<\/p>\n","protected":false},"author":2,"featured_media":7500,"comment_status":"closed","ping_status":"open","sticky":false,"template":"","format":"standard","meta":{"_lmt_disableupdate":"","_lmt_disable":"","_jetpack_memberships_contains_paid_content":false,"footnotes":""},"categories":[109,51],"tags":[118],"class_list":["post-7499","post","type-post","status-publish","format-standard","has-post-thumbnail","hentry","category-minuto-a-minuto","category-zona-roja","tag-san-juan-bautista-tuxtepec"],"jetpack_featured_media_url":"https:\/\/zonaroja.com.mx\/wp-content\/uploads\/2020\/01\/Escena-del-crimen5.jpg","jetpack_sharing_enabled":true,"_links":{"self":[{"href":"https:\/\/zonaroja.com.mx\/index.php?rest_route=\/wp\/v2\/posts\/7499","targetHints":{"allow":["GET"]}}],"collection":[{"href":"https:\/\/zonaroja.com.mx\/index.php?rest_route=\/wp\/v2\/posts"}],"about":[{"href":"https:\/\/zonaroja.com.mx\/index.php?rest_route=\/wp\/v2\/types\/post"}],"author":[{"embeddable":true,"href":"https:\/\/zonaroja.com.mx\/index.php?rest_route=\/wp\/v2\/users\/2"}],"replies":[{"embeddable":true,"href":"https:\/\/zonaroja.com.mx\/index.php?rest_route=%2Fwp%2Fv2%2Fcomments&post=7499"}],"version-history":[{"count":1,"href":"https:\/\/zonaroja.com.mx\/index.php?rest_route=\/wp\/v2\/posts\/7499\/revisions"}],"predecessor-version":[{"id":7501,"href":"https:\/\/zonaroja.com.mx\/index.php?rest_route=\/wp\/v2\/posts\/7499\/revisions\/7501"}],"wp:featuredmedia":[{"embeddable":true,"href":"https:\/\/zonaroja.com.mx\/index.php?rest_route=\/wp\/v2\/media\/7500"}],"wp:attachment":[{"href":"https:\/\/zonaroja.com.mx\/index.php?rest_route=%2Fwp%2Fv2%2Fmedia&parent=7499"}],"wp:term":[{"taxonomy":"category","embeddable":true,"href":"https:\/\/zonaroja.com.mx\/index.php?rest_route=%2Fwp%2Fv2%2Fcategories&post=7499"},{"taxonomy":"post_tag","embeddable":true,"href":"https:\/\/zonaroja.com.mx\/index.php?rest_route=%2Fwp%2Fv2%2Ftags&post=7499"}],"curies":[{"name":"wp","href":"https:\/\/api.w.org\/{rel}","templated":true}]}}