{"id":74994,"date":"2024-11-29T08:22:16","date_gmt":"2024-11-29T14:22:16","guid":{"rendered":"https:\/\/zonaroja.com.mx\/?p=74994"},"modified":"2024-11-29T08:22:19","modified_gmt":"2024-11-29T14:22:19","slug":"realizaran-en-la-cdmx-fiesta-con-causa-a-favor-de-red-oaxaquena","status":"publish","type":"post","link":"https:\/\/zonaroja.com.mx\/?p=74994","title":{"rendered":"Realizar\u00e1n en la Cdmx \u201cFiesta con causa\u201d a favor de Red Oaxaque\u00f1a"},"content":{"rendered":"\n<p>Redacci\u00f3n\/Zona Roja Cdmx.<\/p>\n\n\n\n<p>Ciudad de M\u00e9xico, a 29 de noviembre de 2024.-&nbsp;En v\u00edsperas del D\u00eda Internacional de Lucha contra el VIH\/Sida (1 de diciembre), integrantes de la Red Celebremos la Vihda anunciaron la realizaci\u00f3n de una \u201cfiesta con causa\u201d, pues motivo de esa fecha cantantes, m\u00fasicos, artistas pl\u00e1sticos, DJs y drag Queens participaran en un evento que reunir\u00e1 fondos para la Red Oaxaque\u00f1a por el VIH (ROVIH), agrupaci\u00f3n que aplica pruebas r\u00e1pidas de detecci\u00f3n de anticuerpos, dona preservativos y apoya en la obtenci\u00f3n de tratamientos antirretrovirales.<\/p>\n\n\n\n<p>En conferencia de prensa, el artista pl\u00e1stico Albert \u00c1vila Camacho y los m\u00fasicos y cantantes Juan Pablo Hern\u00e1ndez Smith (Pali) y Andy \u2018s Panic, entre otros detallaron que ser\u00e1 donada a dicha agrupaci\u00f3n civil toda la taquilla del evento denominado Celebremos la Vihda, Vida Plena, VIH positivo, que se realizar\u00e1 en el establecimiento Zu Zu, en la colonia Roma Norte de 10 de la ma\u00f1ana a las 11 de la noche del pr\u00f3ximo 1 de diciembre. Es un honor que me hayan invitado, sobre todo porque yo convivo diariamente con gente que vive con el virus del VIH\u201d y resalt\u00f3 la importancia de la prevenci\u00f3n y de acabar con el estigma hacia quienes son portadores.<\/p>\n\n\n\n<p>Andy \u2018s Panic, quien dar\u00e1 un show, destac\u00f3 que el VIH\/Sida no solo afecta a la comunidad LGBTI+, y por lo tanto debe ser una preocupaci\u00f3n y una responsabilidad de todos tanto la prevenci\u00f3n como controlar la propagaci\u00f3n de esta enfermedad.<\/p>\n\n\n\n<p>\u201cHay que deshacernos del estigma alrededor de VIH. Creo que soy la persona m\u00e1s joven de la mesa, y es justamente entender que las generaciones nuevas vemos el VIH de una forma muy distinta. Ya no lo vemos como una sentencia de muerte como era en los a\u00f1os 80.\u201d<\/p>\n\n\n\n<p>No obstante, resalt\u00f3 que ello no debe ser sin\u00f3nimo de olvidar la prevenci\u00f3n, y sobre todo de utilizar el cond\u00f3n, porque record\u00f3 que \u00e9ste no solo es una defensa contra la transmisi\u00f3n del VIH, sino tambi\u00e9n de otras infecciones de transmisi\u00f3n sexual. Asimismo, destac\u00f3 que la educaci\u00f3n sexual integral es fundamental para abatir los contagios.<\/p>\n\n\n\n<p>Tras se\u00f1alar que ahora con el uso de antirretrovirales, quien son portadores del virus pueden lograr tener una vida plena, \u201cyo convivo con muchas personas que son portadoras\u201d, llam\u00f3 a respetar a quienes son portadores y dijo que esta fecha significa hacer conciencia que esta lucha por erradicarla es de todos, y no solamente como comunidad LGBTI+.\u201d<\/p>\n\n\n\n<p>(Informaci\u00f3n de \u201cLa Jornada\u201d)<\/p>\n","protected":false},"excerpt":{"rendered":"<p>Redacci\u00f3n\/Zona Roja Cdmx. Ciudad de M\u00e9xico, a 29 de noviembre de 2024.-&nbsp;En v\u00edsperas del D\u00eda&hellip;<\/p>\n","protected":false},"author":2,"featured_media":74995,"comment_status":"closed","ping_status":"open","sticky":false,"template":"","format":"standard","meta":{"_lmt_disableupdate":"","_lmt_disable":"","_jetpack_memberships_contains_paid_content":false,"footnotes":""},"categories":[109,46],"tags":[1082],"class_list":["post-74994","post","type-post","status-publish","format-standard","has-post-thumbnail","hentry","category-minuto-a-minuto","category-zona-blanca","tag-vih-sida"],"jetpack_featured_media_url":"https:\/\/zonaroja.com.mx\/wp-content\/uploads\/2024\/11\/realizaran-fiesta-con-causa-para-apoyar-a-red-oaxaquena-por-el-vih-8248html-vidhapng-3723html-5b64f6bb-7bd7-4bf3-8b6c-82134a1416fc.pngljnimgndimagefullsize.webp","jetpack_sharing_enabled":true,"_links":{"self":[{"href":"https:\/\/zonaroja.com.mx\/index.php?rest_route=\/wp\/v2\/posts\/74994","targetHints":{"allow":["GET"]}}],"collection":[{"href":"https:\/\/zonaroja.com.mx\/index.php?rest_route=\/wp\/v2\/posts"}],"about":[{"href":"https:\/\/zonaroja.com.mx\/index.php?rest_route=\/wp\/v2\/types\/post"}],"author":[{"embeddable":true,"href":"https:\/\/zonaroja.com.mx\/index.php?rest_route=\/wp\/v2\/users\/2"}],"replies":[{"embeddable":true,"href":"https:\/\/zonaroja.com.mx\/index.php?rest_route=%2Fwp%2Fv2%2Fcomments&post=74994"}],"version-history":[{"count":1,"href":"https:\/\/zonaroja.com.mx\/index.php?rest_route=\/wp\/v2\/posts\/74994\/revisions"}],"predecessor-version":[{"id":74996,"href":"https:\/\/zonaroja.com.mx\/index.php?rest_route=\/wp\/v2\/posts\/74994\/revisions\/74996"}],"wp:featuredmedia":[{"embeddable":true,"href":"https:\/\/zonaroja.com.mx\/index.php?rest_route=\/wp\/v2\/media\/74995"}],"wp:attachment":[{"href":"https:\/\/zonaroja.com.mx\/index.php?rest_route=%2Fwp%2Fv2%2Fmedia&parent=74994"}],"wp:term":[{"taxonomy":"category","embeddable":true,"href":"https:\/\/zonaroja.com.mx\/index.php?rest_route=%2Fwp%2Fv2%2Fcategories&post=74994"},{"taxonomy":"post_tag","embeddable":true,"href":"https:\/\/zonaroja.com.mx\/index.php?rest_route=%2Fwp%2Fv2%2Ftags&post=74994"}],"curies":[{"name":"wp","href":"https:\/\/api.w.org\/{rel}","templated":true}]}}