{"id":74997,"date":"2024-11-29T12:27:00","date_gmt":"2024-11-29T18:27:00","guid":{"rendered":"https:\/\/zonaroja.com.mx\/?p=74997"},"modified":"2024-11-29T08:28:56","modified_gmt":"2024-11-29T14:28:56","slug":"logra-fiscalia-fallo-condenatorio-contra-feminicida-de-la-mixteca","status":"publish","type":"post","link":"https:\/\/zonaroja.com.mx\/?p=74997","title":{"rendered":"Logra Fiscal\u00eda fallo condenatorio contra feminicida de la Mixteca"},"content":{"rendered":"\n<p>Redacci\u00f3n\/Zona Roja.<\/p>\n\n\n\n<p>Oaxaca de Ju\u00e1rez, Oax., a 29 de noviembre de 2024.- El trabajo en materia de procuraci\u00f3n de justicia en torno a delitos contra la mujer por raz\u00f3n de g\u00e9nero que efect\u00faan las \u00e1reas especializadas de la Fiscal\u00eda General del Estado de Oaxaca (FGEO) dio como resultado la obtenci\u00f3n de un fallo condenatorio en contra de Rolando L.J., responsable por la comisi\u00f3n de Feminicidio Agravado, cometido en la regi\u00f3n de la Mixteca.<\/p>\n\n\n\n<p>De acuerdo con el expediente penal del caso, el 06 de junio de 2023, la v\u00edctima -abuela del hoy sentenciado,- se encontraba en su domicilio ubicado en el municipio de Santiago Ihuitl\u00e1n Plumas, perteneciente al distrito de Coixtlahuaca, lugar a donde lleg\u00f3 Rolando L.J., para posteriormente agredirla de manera f\u00edsica, infligiendo lesiones a consecuencia de las que perdi\u00f3 la vida.<\/p>\n\n\n\n<p>Luego de que la FGEO atrajo el caso a trav\u00e9s de la Vicefiscal\u00eda Regional de la Mixteca, se realizaron las labores ministeriales pertinentes y con estricto apego a la perspectiva de g\u00e9nero, obteniendo los datos de prueba necesarios para lograr una orden de aprehensi\u00f3n y posteriormente la detenci\u00f3n del responsable.<\/p>\n\n\n\n<p>La FGEO present\u00f3 ante el Juez los resultados de las investigaciones, quien dict\u00f3 fallo condenatorio en contra de Rolando L. J., por su responsabilidad en la comisi\u00f3n del delito de Feminicidio Agravado, por lo que qued\u00f3 internado en un penal del estado a espera de la lectura de la sentencia condenatoria.&nbsp;<\/p>\n\n\n\n<p>La Fiscal\u00eda General del Estado de Oaxaca est\u00e1 comprometida con presentar ante la ley a quien o quienes resulten responsables, especialmente en los casos relacionados con delitos cometidos contra las mujeres, por ello, se implementan investigaciones integrales y con perspectiva de g\u00e9nero que garanticen a las v\u00edctimas un adecuado proceso de procuraci\u00f3n de justicia.<\/p>\n\n\n\n<p>UN SENTENCIADO&nbsp;<\/p>\n\n\n\n<p>Por otra parte, como resultado de los trabajos de procuraci\u00f3n de justicia a favor de ni\u00f1as, ni\u00f1os y adolescentes, la Fiscal\u00eda General del Estado de Oaxaca (FGEO) obtuvo una sentencia condenatoria de 12 a\u00f1os de prisi\u00f3n en contra de C\u00e9sar O.C.P., por su responsabilidad en la comisi\u00f3n del delito de Violaci\u00f3n Agravada, ocurrido en la regi\u00f3n de la Costa.<\/p>\n\n\n\n<p>Conforme a lo establecido en el expediente penal, el 08 de enero de 2024, la v\u00edctima -una ni\u00f1a, cuya identidad est\u00e1 reservada por ley- se encontraba en la playa de Santa Cruz de Bah\u00edas de Huatulco, lugar donde el imputado se acerc\u00f3 a ella para despu\u00e9s perpetrar la agresi\u00f3n.<\/p>\n\n\n\n<p>Ante estos hechos y tras la denuncia penal interpuesta, la FGEO inici\u00f3 la investigaci\u00f3n a trav\u00e9s de la Vicefiscal\u00eda Regional de la Costa, gracias a la cual se pudo obtener la orden de aprehensi\u00f3n y posterior detenci\u00f3n del imputado con el prop\u00f3sito de llevarlo ante el Juzgado de control que lo requiri\u00f3 para su proceso legal.<\/p>\n\n\n\n<p>En audiencia, y tras el desahogo de pruebas aportadas por la FGEO, el Juez de la Causa dict\u00f3 sentencia condenatoria de 12 a\u00f1os de prisi\u00f3n en contra de C\u00e9sar O.C.P., al encontrarlo responsable por la comisi\u00f3n del delito de violaci\u00f3n agravada en contra de una ni\u00f1a, adem\u00e1s que orden\u00f3 el pago de la reparaci\u00f3n del da\u00f1o en abstracto y de una multa.<\/p>\n\n\n\n<p>La Fiscal\u00eda General de Oaxaca reitera en los hechos, su compromiso de procurar justicia con perspectiva de g\u00e9nero e infancia, para evitar la impunidad y promover procesos de reparaci\u00f3n hacia las v\u00edctimas directas de delitos del \u00e1mbito sexual.<\/p>\n","protected":false},"excerpt":{"rendered":"<p>Redacci\u00f3n\/Zona Roja. Oaxaca de Ju\u00e1rez, Oax., a 29 de noviembre de 2024.- El trabajo en&hellip;<\/p>\n","protected":false},"author":2,"featured_media":69158,"comment_status":"closed","ping_status":"open","sticky":false,"template":"","format":"standard","meta":{"_lmt_disableupdate":"","_lmt_disable":"","_jetpack_memberships_contains_paid_content":false,"footnotes":""},"categories":[109,46],"tags":[494],"class_list":["post-74997","post","type-post","status-publish","format-standard","has-post-thumbnail","hentry","category-minuto-a-minuto","category-zona-blanca","tag-fiscalia-general-del-estado-de-oaxaca"],"jetpack_featured_media_url":"https:\/\/zonaroja.com.mx\/wp-content\/uploads\/2024\/06\/Asesino-carcel-prision.webp","jetpack_sharing_enabled":true,"_links":{"self":[{"href":"https:\/\/zonaroja.com.mx\/index.php?rest_route=\/wp\/v2\/posts\/74997","targetHints":{"allow":["GET"]}}],"collection":[{"href":"https:\/\/zonaroja.com.mx\/index.php?rest_route=\/wp\/v2\/posts"}],"about":[{"href":"https:\/\/zonaroja.com.mx\/index.php?rest_route=\/wp\/v2\/types\/post"}],"author":[{"embeddable":true,"href":"https:\/\/zonaroja.com.mx\/index.php?rest_route=\/wp\/v2\/users\/2"}],"replies":[{"embeddable":true,"href":"https:\/\/zonaroja.com.mx\/index.php?rest_route=%2Fwp%2Fv2%2Fcomments&post=74997"}],"version-history":[{"count":1,"href":"https:\/\/zonaroja.com.mx\/index.php?rest_route=\/wp\/v2\/posts\/74997\/revisions"}],"predecessor-version":[{"id":74998,"href":"https:\/\/zonaroja.com.mx\/index.php?rest_route=\/wp\/v2\/posts\/74997\/revisions\/74998"}],"wp:featuredmedia":[{"embeddable":true,"href":"https:\/\/zonaroja.com.mx\/index.php?rest_route=\/wp\/v2\/media\/69158"}],"wp:attachment":[{"href":"https:\/\/zonaroja.com.mx\/index.php?rest_route=%2Fwp%2Fv2%2Fmedia&parent=74997"}],"wp:term":[{"taxonomy":"category","embeddable":true,"href":"https:\/\/zonaroja.com.mx\/index.php?rest_route=%2Fwp%2Fv2%2Fcategories&post=74997"},{"taxonomy":"post_tag","embeddable":true,"href":"https:\/\/zonaroja.com.mx\/index.php?rest_route=%2Fwp%2Fv2%2Ftags&post=74997"}],"curies":[{"name":"wp","href":"https:\/\/api.w.org\/{rel}","templated":true}]}}