{"id":75016,"date":"2024-11-30T08:50:00","date_gmt":"2024-11-30T14:50:00","guid":{"rendered":"https:\/\/zonaroja.com.mx\/?p=75016"},"modified":"2024-11-30T07:31:12","modified_gmt":"2024-11-30T13:31:12","slug":"detienen-en-culiacan-a-alfredo-g-b-el-tito-hijo-de-el-mochomo","status":"publish","type":"post","link":"https:\/\/zonaroja.com.mx\/?p=75016","title":{"rendered":"Detienen en Culiac\u00e1n a Alfredo G. B., \u2018El Tito\u2019, hijo de \u2018El Mochomo\u2019"},"content":{"rendered":"\n<p>Redacci\u00f3n\/Zona Roja Cdmx.<\/p>\n\n\n\n<p>Ciudad de M\u00e9xico, a 30 de noviembre de 2024.- En un enfrentamiento entre fuerzas federales y sicarios de un grupo criminal fue detenido este viernes, Alfredo G. B. \u2018El Tito\u2019, hijo de Alfredo Beltr\u00e1n Leyva \u2018El Mochomo\u2019, quien est\u00e1 recluido actualmente en un penal de Estados Unidos.<\/p>\n\n\n\n<p>El enfrentamiento ocurri\u00f3 tras un operativo intenso de elementos de la Marina Armada de M\u00e9xico y el Ej\u00e9rcito Mexicano en el poblado Mojolo, al norte de Culiac\u00e1n.<\/p>\n\n\n\n<p>Los primeros informes recabados la tarde de viernes indican que \u2018El Tito\u2019 result\u00f3 herido y fue llevado a un hospital, bajo un fuerte dispositivo de seguridad. Sin embargo, un helic\u00f3ptero de la Marina Armada aterriz\u00f3 en la zona del enfrentamiento y es posible que el detenido sea trasladado de inmediato a la Ciudad de M\u00e9xico.<\/p>\n\n\n\n<p>Algunos vecinos de la poblaci\u00f3n de Mojolo aseguran que hubo varios civiles muertos y otros heridos que formaban parte del grupo de custodia del hijo del \u2018Mochomo\u2019.<\/p>\n\n\n\n<p>Hasta anoche, las instituciones de Marina y Defensa Nacional no se han pronunciado oficialmente sobre los hechos y la detenci\u00f3n de esta persona.<\/p>\n\n\n\n<p>Alfredo B. G., \u2018El Tito\u2019, tambi\u00e9n conocido como \u2018El Mochomito\u2019, es hijo de Alfredo Beltr\u00e1n Leyva \u2018El Mochomo\u2019, uno de los llamados \u2018Tres Caballeros\u2019 de los hermanos Beltr\u00e1n Leyva (Arturo, Marcos, Mario, H\u00e9ctor y Alfredo) quienes formaron un clan del narcotr\u00e1fico en la d\u00e9cada de los noventa hasta 2008.<\/p>\n\n\n\n<p>\u2018El Mochomito\u2019 tiene un historial delictivo que incluye su arresto en diciembre de 2016 cuando fue detenido en Zapopan, Jalisco, acusado de delitos federales, como secuestro, posesi\u00f3n de armas de uso exclusivo del Ej\u00e9rcito.<\/p>\n\n\n\n<p>El caso m\u00e1s sonado fue cuando particip\u00f3 en el secuestro de sus primos Iv\u00e1n Archivaldo y Alfredo Guzm\u00e1n Salazar, hijos de Joaqu\u00edn \u2018El Chapo\u2019 Guzm\u00e1n, en agosto de 2016 en Guadalajara.<\/p>\n\n\n\n<p>\u2018El Tito\u2019 cumpli\u00f3 cinco a\u00f1os de una condena, de 10 que le hab\u00edan impuesto. Recobr\u00f3 su libertad en septiembre de 2021.<\/p>\n\n\n\n<p>Su padre, Alfredo \u2018El Mochomo\u2019, fue detenido en 2008 en Culiac\u00e1n y extraditado a Estados Unidos en 2004. Tres a\u00f1os despu\u00e9s fue condenado a cadena perpetua por diversos delitos relacionados con el narcotr\u00e1fico.<\/p>\n\n\n\n<p>(Informaci\u00f3n de \u201cEl Financiero\u201d)<\/p>\n","protected":false},"excerpt":{"rendered":"<p>Redacci\u00f3n\/Zona Roja Cdmx. Ciudad de M\u00e9xico, a 30 de noviembre de 2024.- En un enfrentamiento&hellip;<\/p>\n","protected":false},"author":2,"featured_media":75017,"comment_status":"closed","ping_status":"open","sticky":false,"template":"","format":"standard","meta":{"_lmt_disableupdate":"","_lmt_disable":"","_jetpack_memberships_contains_paid_content":false,"footnotes":""},"categories":[109,46],"tags":[4118],"class_list":["post-75016","post","type-post","status-publish","format-standard","has-post-thumbnail","hentry","category-minuto-a-minuto","category-zona-blanca","tag-alfredo-guzman-beltran"],"jetpack_featured_media_url":"https:\/\/zonaroja.com.mx\/wp-content\/uploads\/2024\/11\/Alfredo-Guzman-Beltran-alias-El-Mochomito-.jpg","jetpack_sharing_enabled":true,"_links":{"self":[{"href":"https:\/\/zonaroja.com.mx\/index.php?rest_route=\/wp\/v2\/posts\/75016","targetHints":{"allow":["GET"]}}],"collection":[{"href":"https:\/\/zonaroja.com.mx\/index.php?rest_route=\/wp\/v2\/posts"}],"about":[{"href":"https:\/\/zonaroja.com.mx\/index.php?rest_route=\/wp\/v2\/types\/post"}],"author":[{"embeddable":true,"href":"https:\/\/zonaroja.com.mx\/index.php?rest_route=\/wp\/v2\/users\/2"}],"replies":[{"embeddable":true,"href":"https:\/\/zonaroja.com.mx\/index.php?rest_route=%2Fwp%2Fv2%2Fcomments&post=75016"}],"version-history":[{"count":1,"href":"https:\/\/zonaroja.com.mx\/index.php?rest_route=\/wp\/v2\/posts\/75016\/revisions"}],"predecessor-version":[{"id":75018,"href":"https:\/\/zonaroja.com.mx\/index.php?rest_route=\/wp\/v2\/posts\/75016\/revisions\/75018"}],"wp:featuredmedia":[{"embeddable":true,"href":"https:\/\/zonaroja.com.mx\/index.php?rest_route=\/wp\/v2\/media\/75017"}],"wp:attachment":[{"href":"https:\/\/zonaroja.com.mx\/index.php?rest_route=%2Fwp%2Fv2%2Fmedia&parent=75016"}],"wp:term":[{"taxonomy":"category","embeddable":true,"href":"https:\/\/zonaroja.com.mx\/index.php?rest_route=%2Fwp%2Fv2%2Fcategories&post=75016"},{"taxonomy":"post_tag","embeddable":true,"href":"https:\/\/zonaroja.com.mx\/index.php?rest_route=%2Fwp%2Fv2%2Ftags&post=75016"}],"curies":[{"name":"wp","href":"https:\/\/api.w.org\/{rel}","templated":true}]}}