{"id":75019,"date":"2024-11-30T10:31:00","date_gmt":"2024-11-30T16:31:00","guid":{"rendered":"https:\/\/zonaroja.com.mx\/?p=75019"},"modified":"2024-11-30T07:35:48","modified_gmt":"2024-11-30T13:35:48","slug":"reconocen-legisladores-el-trabajo-del-dif-a-dos-anos-de-gobierno","status":"publish","type":"post","link":"https:\/\/zonaroja.com.mx\/?p=75019","title":{"rendered":"Reconocen legisladores el trabajo del DIF a dos a\u00f1os de gobierno"},"content":{"rendered":"\n<p>Redacci\u00f3n\/Zona Roja.<\/p>\n\n\n\n<p>Oaxaca de Ju\u00e1rez, Oax., a 30 de noviembre de 2024.- Diputadas y diputados de la 66 Legislatura del Congreso del Estado, encabezados por el presidente de la Junta de Coordinaci\u00f3n Pol\u00edtica (Jucopo), Benjam\u00edn Viveros Montalvo, reconocieron el trabajo del Sistema DIF Oaxaca y el de su presidenta honoraria, Irma Bola\u00f1os Quijano, al atestiguar el Segundo Informe de Actividades de este organismo.<\/p>\n\n\n\n<p>El diputado presidente de la Jucopo, Benjam\u00edn Viveros Montalvo, aplaudi\u00f3 el compromiso y gran amor por Oaxaca de todo el equipo que conforma esta instituci\u00f3n bajo el liderazgo de su presidenta, quienes de manera incansable han trabajado con entrega y pasi\u00f3n a lo largo de dos a\u00f1os por consolidar la transformaci\u00f3n de los pueblos para que nadie se quede atr\u00e1s y nadie se quede afuera.<\/p>\n\n\n\n<p>Sostuvo que desde el Poder Legislativo el DIF tiene un gran aliado, pues en equipo se impulsar\u00e1n pol\u00edticas p\u00fablicas, programas y acciones que contribuyan a la inclusi\u00f3n y a disminuir las brechas de desigualdad con la finalidad de devolver la dignidad a los que menos tienen.<\/p>\n\n\n\n<p>\u201cEs una realidad que las ni\u00f1as, ni\u00f1os, adolescentes, juventudes, mujeres, hombres y personas mayores de 60 a\u00f1os han recibido la atenci\u00f3n luego de d\u00e9cadas de haber sido olvidados, pero hoy est\u00e1n en el centro de todos los esfuerzos, gracias a la ardua labor por garantizar el ejercicio pleno de sus derechos, de quienes en la \u00e9poca neoliberal fueron olvidados por los gobiernos del pasado\u201d, sostuvo.<\/p>\n\n\n\n<p>El tambi\u00e9n coordinador del Grupo Parlamentario de Morena resalt\u00f3, adem\u00e1s, que el DIF se ha convertido en una instituci\u00f3n con un rostro humano, de territorio, cercano al pueblo, de puertas abiertas, donde las y los oaxaque\u00f1os tienen cabida donde cada acci\u00f3n, cada programa se traduce en esperanza y bienestar para las familias que m\u00e1s lo necesitan en las ocho regiones de la entidad\u201d.<\/p>\n\n\n\n<p>En este sentido refiri\u00f3 que las y los representantes populares trabajan bajo los principios del humanismo mexicano, legado del expresidente de M\u00e9xico, Andr\u00e9s Manuel L\u00f3pez Obrador, lo cual es el sello de la Cuarta Transformaci\u00f3n para consolidar la paz y justicia social; y con ello resarcir la deuda hist\u00f3rica con los pueblos de Oaxaca.<\/p>\n\n\n\n<p>Asistieron a este informe las personas legisladoras de los Grupos Parlamentarios de: Morena, Fuerza por Oaxaca, Partido Verde Ecologista de M\u00e9xico y Grupo Plural.<\/p>\n","protected":false},"excerpt":{"rendered":"<p>Redacci\u00f3n\/Zona Roja. Oaxaca de Ju\u00e1rez, Oax., a 30 de noviembre de 2024.- Diputadas y diputados&hellip;<\/p>\n","protected":false},"author":2,"featured_media":75020,"comment_status":"closed","ping_status":"open","sticky":false,"template":"","format":"standard","meta":{"_lmt_disableupdate":"","_lmt_disable":"","_jetpack_memberships_contains_paid_content":false,"footnotes":""},"categories":[109,46],"tags":[214,3682],"class_list":["post-75019","post","type-post","status-publish","format-standard","has-post-thumbnail","hentry","category-minuto-a-minuto","category-zona-blanca","tag-congreso-del-estado","tag-irma-bolanos-quijano"],"jetpack_featured_media_url":"https:\/\/zonaroja.com.mx\/wp-content\/uploads\/2024\/11\/Benjamin-viveros-e-Irma-Bolanos.jpg","jetpack_sharing_enabled":true,"_links":{"self":[{"href":"https:\/\/zonaroja.com.mx\/index.php?rest_route=\/wp\/v2\/posts\/75019","targetHints":{"allow":["GET"]}}],"collection":[{"href":"https:\/\/zonaroja.com.mx\/index.php?rest_route=\/wp\/v2\/posts"}],"about":[{"href":"https:\/\/zonaroja.com.mx\/index.php?rest_route=\/wp\/v2\/types\/post"}],"author":[{"embeddable":true,"href":"https:\/\/zonaroja.com.mx\/index.php?rest_route=\/wp\/v2\/users\/2"}],"replies":[{"embeddable":true,"href":"https:\/\/zonaroja.com.mx\/index.php?rest_route=%2Fwp%2Fv2%2Fcomments&post=75019"}],"version-history":[{"count":1,"href":"https:\/\/zonaroja.com.mx\/index.php?rest_route=\/wp\/v2\/posts\/75019\/revisions"}],"predecessor-version":[{"id":75021,"href":"https:\/\/zonaroja.com.mx\/index.php?rest_route=\/wp\/v2\/posts\/75019\/revisions\/75021"}],"wp:featuredmedia":[{"embeddable":true,"href":"https:\/\/zonaroja.com.mx\/index.php?rest_route=\/wp\/v2\/media\/75020"}],"wp:attachment":[{"href":"https:\/\/zonaroja.com.mx\/index.php?rest_route=%2Fwp%2Fv2%2Fmedia&parent=75019"}],"wp:term":[{"taxonomy":"category","embeddable":true,"href":"https:\/\/zonaroja.com.mx\/index.php?rest_route=%2Fwp%2Fv2%2Fcategories&post=75019"},{"taxonomy":"post_tag","embeddable":true,"href":"https:\/\/zonaroja.com.mx\/index.php?rest_route=%2Fwp%2Fv2%2Ftags&post=75019"}],"curies":[{"name":"wp","href":"https:\/\/api.w.org\/{rel}","templated":true}]}}