{"id":7502,"date":"2020-01-10T09:16:37","date_gmt":"2020-01-10T15:16:37","guid":{"rendered":"http:\/\/www.zonaroja.com.mx\/?p=7502"},"modified":"2020-01-10T09:16:40","modified_gmt":"2020-01-10T15:16:40","slug":"detienen-a-sindicalizado-de-los-servicios-de-salud-acusado-de-secuestro","status":"publish","type":"post","link":"https:\/\/zonaroja.com.mx\/?p=7502","title":{"rendered":"Detienen a sindicalizado de los Servicios de Salud acusado de secuestro"},"content":{"rendered":"\n<p>Redacci\u00f3n\/Zona Roja.<\/p>\n\n\n\n<p>Oaxaca de Ju\u00e1rez, Oax., 10 de enero\nde 2020.- Un trabajador de los Servicios de Salud de Oaxaca (SSO), cuyo\nfamiliar es dirigente sindical, fue aprehendido por la Fiscal\u00eda General del\nEstado, acusado del delito de secuestro.<\/p>\n\n\n\n<p>En la unidad habitacional \u201cRicardo\nFlores Mag\u00f3n\u201d de la ciudad de Oaxaca fue detenido Javier C. P. acusado de un\nplagio ocurrido en el municipio de Tlalixtac de Cabrera.<\/p>\n\n\n\n<p>Seg\u00fan la causa penal 1115\/2019, el\npasado 10 de enero de 2019, aproximadamente a las 14:40 horas, la v\u00edctima V. M.\nV. A., fue privada de su libertad en c\u00e9ntricas calles de Tlalixtac, localidad\nconurbada a la capital por la zona oriente.<\/p>\n\n\n\n<p>Posteriormente, los secuestradores se\ncomunicaron con familiares de la v\u00edctima, a fin de exigir una fuerte suma de\ndinero a cambio de su liberaci\u00f3n, la cual fue entregada el 13 de enero de 2019\nen inmediaciones de la misma poblaci\u00f3n.<\/p>\n\n\n\n<p>Ante estos hechos y tras la denuncia\npresentada, la Fiscal\u00eda General inicio la investigaci\u00f3n, logrando identificar,\naprehender y presentar ante el Juzgado de Control al probable responsable.<\/p>\n\n\n\n<p>En audiencia celebrada el 9 de enero\nde 2020, el imputado solicit\u00f3 ampliaci\u00f3n del t\u00e9rmino constitucional, misma que\nfenece el 14 de enero de 2020.<\/p>\n\n\n\n<p>Javier C. P. tiene hermana que es\nparte de la directiva del Sindicato Nacional de Trabajadores de la Secretar\u00eda\nde Salud, Secci\u00f3n 071.<\/p>\n","protected":false},"excerpt":{"rendered":"<p>Redacci\u00f3n\/Zona Roja. Oaxaca de Ju\u00e1rez, Oax., 10 de enero de 2020.- Un trabajador de los&hellip;<\/p>\n","protected":false},"author":2,"featured_media":7503,"comment_status":"closed","ping_status":"open","sticky":false,"template":"","format":"standard","meta":{"_lmt_disableupdate":"","_lmt_disable":"","_jetpack_memberships_contains_paid_content":false,"footnotes":""},"categories":[109,51],"tags":[238,1259],"class_list":["post-7502","post","type-post","status-publish","format-standard","has-post-thumbnail","hentry","category-minuto-a-minuto","category-zona-roja","tag-servicios-de-salud-de-oaxaca","tag-tlalixtac-de-cabrera"],"jetpack_featured_media_url":"https:\/\/zonaroja.com.mx\/wp-content\/uploads\/2020\/01\/secuestrox.jpg","jetpack_sharing_enabled":true,"_links":{"self":[{"href":"https:\/\/zonaroja.com.mx\/index.php?rest_route=\/wp\/v2\/posts\/7502","targetHints":{"allow":["GET"]}}],"collection":[{"href":"https:\/\/zonaroja.com.mx\/index.php?rest_route=\/wp\/v2\/posts"}],"about":[{"href":"https:\/\/zonaroja.com.mx\/index.php?rest_route=\/wp\/v2\/types\/post"}],"author":[{"embeddable":true,"href":"https:\/\/zonaroja.com.mx\/index.php?rest_route=\/wp\/v2\/users\/2"}],"replies":[{"embeddable":true,"href":"https:\/\/zonaroja.com.mx\/index.php?rest_route=%2Fwp%2Fv2%2Fcomments&post=7502"}],"version-history":[{"count":1,"href":"https:\/\/zonaroja.com.mx\/index.php?rest_route=\/wp\/v2\/posts\/7502\/revisions"}],"predecessor-version":[{"id":7504,"href":"https:\/\/zonaroja.com.mx\/index.php?rest_route=\/wp\/v2\/posts\/7502\/revisions\/7504"}],"wp:featuredmedia":[{"embeddable":true,"href":"https:\/\/zonaroja.com.mx\/index.php?rest_route=\/wp\/v2\/media\/7503"}],"wp:attachment":[{"href":"https:\/\/zonaroja.com.mx\/index.php?rest_route=%2Fwp%2Fv2%2Fmedia&parent=7502"}],"wp:term":[{"taxonomy":"category","embeddable":true,"href":"https:\/\/zonaroja.com.mx\/index.php?rest_route=%2Fwp%2Fv2%2Fcategories&post=7502"},{"taxonomy":"post_tag","embeddable":true,"href":"https:\/\/zonaroja.com.mx\/index.php?rest_route=%2Fwp%2Fv2%2Ftags&post=7502"}],"curies":[{"name":"wp","href":"https:\/\/api.w.org\/{rel}","templated":true}]}}