{"id":75033,"date":"2024-11-30T18:40:00","date_gmt":"2024-12-01T00:40:00","guid":{"rendered":"https:\/\/zonaroja.com.mx\/?p=75033"},"modified":"2024-11-30T18:19:58","modified_gmt":"2024-12-01T00:19:58","slug":"opinion-once-anos-sin-tus-abrazos-mama","status":"publish","type":"post","link":"https:\/\/zonaroja.com.mx\/?p=75033","title":{"rendered":"Opini\u00f3n. \u00abOnce a\u00f1os, sin tus abrazos, mam\u00e1\u201d"},"content":{"rendered":"\n<p>Ver\u00f3nica Villalvazo.&nbsp;<\/p>\n\n\n\n<p>Iniciamos este periodo de dolor y a\u00f1oranza que, para las Voces de la Ausencia, se agudiza, en medio de la alegr\u00eda del resto. Una \u00e9poca que trae a sus mentes los rostros felices de sus hijas, madres, hermanas.&nbsp;<\/p>\n\n\n\n<p>Cuando disfrutaban a su lado esta \u00e9poca de reflexi\u00f3n y fiesta. Hoy ellas ya no est\u00e1n, y carcome el alma y el recuerdo, el que se las hayan arrebatado, y m\u00e1s la forma en la que las arrancaron de sus vidas.&nbsp;Este a\u00f1o las l\u00edneas redactadas son por hijos, padres, hermanos. La solicitud es porque a ellos les cuesta mucho m\u00e1s expresar su dolor.<\/p>\n\n\n\n<p>Empezamos con la primera carta de Navidad, fiestas decembrinas y a\u00f1o nuevo, l\u00edneas escritas con la ilusi\u00f3n de que ellas puedan leerlas. Con la convicci\u00f3n&nbsp;de&nbsp;que ellas no sean olvidadas. Porque ellos hoy son y siguen siendo las Voces de la Ausencia, voces que jam\u00e1s callar\u00e1n. Un a\u00f1o m\u00e1s, Luis Emilio, redacta est\u00e1s l\u00edneas para su mam\u00e1. Se acerca&nbsp;su&nbsp;aniversario,&nbsp;y,&nbsp;la justicia, sigue sin llegar.<\/p>\n\n\n\n<p>Olga Alicia Mendoza Ju\u00e1rez, ten\u00eda 53 a\u00f1os, viv\u00eda al sur de Monterrey, Nuevo Le\u00f3n. Madre de tres hijos, quienes la recuerdan&nbsp;siempre&nbsp;impuls\u00e1ndolos a salir adelante.&nbsp;Era una mujer alegre, amaba cantar, bailar,&nbsp;y re\u00edr a carcajadas. Se dedicaba a la venta de casas, luc\u00eda siempre bien arreglada, era feliz con la vida que hab\u00eda logrado construir.<\/p>\n\n\n\n<p>El 8 de diciembre del 2013, Olga Alicia se preparaba para una cita de trabajo, sali\u00f3 a una tienda muy cercana a su domicilio.&nbsp;Al volver alguien&nbsp;la esperaba dentro de su casa,&nbsp;para quitarle la vida.<\/p>\n\n\n\n<p>Luis Emilio, su hijo, refiere que en el momento el caso fue muy mencionado en la prensa, casi once a\u00f1os despu\u00e9s, todos lo&nbsp;han olvidado.<\/p>\n\n\n\n<p>Once&nbsp;a\u00f1os han transcurrido y su ausencia no deja de doler, las autoridades hasta el momento siguen sin dar respuesta sobre qu\u00e9 sucedi\u00f3, o qui\u00e9n le arranc\u00f3 la vida a Olga.<\/p>\n\n\n\n<p>En un mundo injusto me encuentro muy lejos de ti, han pasado casi 11 a\u00f1os de que alguien te arrebat\u00f3 la vida en este mundo de injusticia, lleno de ciegos y sordomudos, pues nadie ve nada, nadie escucha nada y nadie dice nada.<\/p>\n\n\n\n<p>M\u00e1s de una d\u00e9cada de no verte, pero s\u00ed de extra\u00f1arte, de pensarte y de platicar contigo, parece ayer tu partida, me sigue doliendo y s\u00e9 que este dolor no va a cesar hasta el d\u00eda que me vaya contigo. Hay d\u00edas que me disculpo y me lleno de verg\u00fcenza,&nbsp;porque como tu hijo,&nbsp;no logr\u00e9 encontrar a quien te quit\u00f3&nbsp;la vida; a quien te alej\u00f3 de m\u00ed, tal vez no hice lo correcto en los primeros momentos. Tal vez mi error fue confiar en las autoridades, o,&nbsp;no tener dinero para dar incentivos, para que esa gente hiciera su trabajo,&nbsp;o, simplemente que la moral los hiciera ponerse a trabajar.&nbsp;<\/p>\n\n\n\n<p>A veces me enojo conmigo mismo por no saber actuar como deb\u00eda. Pero,&nbsp;quien est\u00e1 mal en su coraz\u00f3n,&nbsp;est\u00e1 mal de su cabeza. Y,&nbsp;\u00bfQui\u00e9n&nbsp;est\u00e1 preparado para perder a su madre de tal&nbsp;manera? He perdido la cabeza, porque&nbsp;mi coraz\u00f3n est\u00e1 destrozado desde el 8 de diciembre del 2013, que te perd\u00ed, que te arrebataron la vida.&nbsp;&nbsp;<\/p>\n\n\n\n<p>&nbsp;\u00bfQui\u00e9n?: No s\u00e9&nbsp;&nbsp;<\/p>\n\n\n\n<p>\u00bfPor qu\u00e9?: No s\u00e9&nbsp;&nbsp;<\/p>\n\n\n\n<p>No tengo respuestas, m\u00e1s bien tengo pena en mi coraz\u00f3n por no saber qu\u00e9 hacer.&nbsp;Te amo Mami (Olga Alicia Mendoza Ju\u00e1rez)&nbsp;<\/p>\n\n\n\n<p>Quisiera un mundo m\u00e1s justo;&nbsp;donde no sucedieran desgracias&nbsp;como la nuestra, quisiera tener cerca tus brazos para que me rodearan cuando siento que no puedo; como un ni\u00f1o,&nbsp;a veces,&nbsp;me siento buscando tus brazos, pero ya no est\u00e1n.<\/p>\n\n\n\n<p>Quisiera congelar el momento del \u00faltimo abrazo que nos dimos,&nbsp;cuando nos despedimos,&nbsp;despu\u00e9s de llegar de viaje.&nbsp;\u00bfPor qu\u00e9 nadie me avis\u00f3 que ser\u00eda el \u00faltimo?, \u00bfpor qu\u00e9 nadie me avis\u00f3, que el abrazo de una madre es \u00fanico?<\/p>\n\n\n\n<p>Porque nadie, ni nada, suple esa conexi\u00f3n de coraz\u00f3n a coraz\u00f3n, porque nac\u00ed de tus adentros, soy una extensi\u00f3n de ti, tal vez por eso me siento as\u00ed:&nbsp;incompleto, cada d\u00eda te extra\u00f1o m\u00e1s, \u00a1cada d\u00eda me pregunt\u00f3 c\u00f3mo fueras ahora!&nbsp;<\/p>\n\n\n\n<p>Pido justicia por todas y por todos, porque la v\u00edctima no s\u00f3lo es quien deja de existir. Sino tambi\u00e9n los que nos quedamos somos v\u00edctimas.Con el peso de culpables porque no encontramos consuelo,&nbsp;y,&nbsp;seguimos pensando d\u00eda a d\u00eda.&nbsp;Somos se\u00f1alados y juzgados mientras los verdaderos culpables.&nbsp;Viven sin una pena, cobijados por el silencio de otros.&nbsp;<\/p>\n\n\n\n<p>Te extra\u00f1o&nbsp;Mam\u00e1.<\/p>\n\n\n\n<p>Tu hijo Luis Emilio&nbsp;&nbsp;<\/p>\n\n\n\n<p>*******<\/p>\n\n\n\n<p>Estos d\u00edas para muchos son sin\u00f3nimo de alegr\u00eda, de reflexi\u00f3n, de fiestas. Para estas familias dejaron de serlo:&nbsp;algunas ya pasaron por&nbsp;esto,&nbsp;d\u00edas de las madres, del padre, o cumplea\u00f1os, sin embargo, siempre son momentos llenos de emociones encontradas. Las luces navide\u00f1as son como peque\u00f1os fuegos internos que calcinan los pedazos que a\u00fan quedan en el coraz\u00f3n.<\/p>\n\n\n\n<p>La alegr\u00eda del resto que,&nbsp;no sabe por lo que pasan,&nbsp;o,hasta de la misma familia,&nbsp;cuando les mencionan;\u201c\u00e9chale ganas, ya pasar\u00e1\u201d, son&nbsp;palabras&nbsp;lapidarias porque no, no va a pasar.&nbsp;Sus&nbsp;familias&nbsp;son&nbsp;v\u00edctimas&nbsp;de feminicidio,&nbsp;porque&nbsp;los asesinaron a todos. Por ello, respeta su silencio, su eterno dolor, sus risas o, llanto. En casos como los de ellos, es mejor no decir nada.<\/p>\n\n\n\n<p>Eres madre, padre, hermana, hermano, hija, hijo. De una mujer v\u00edctima de feminicidio, desaparici\u00f3n, o intento de feminicidio:&nbsp;b\u00fascame, ay\u00fadame a visualizarlas y contar su historia. Voces de la Ausencia.<\/p>\n\n\n\n<p>P.D. Cada uno de los textos expuestos en este espacio, son con autorizaci\u00f3n y acompa\u00f1amiento de las v\u00edctimas. Porque solo somos la extensi\u00f3n de su grito de justicia.<\/p>\n\n\n\n<p>@FridaGuerrera<\/p>\n\n\n\n<p>@vocesDLAusencia<\/p>\n","protected":false},"excerpt":{"rendered":"<p>Ver\u00f3nica Villalvazo.&nbsp; Iniciamos este periodo de dolor y a\u00f1oranza que, para las Voces de la&hellip;<\/p>\n","protected":false},"author":2,"featured_media":69816,"comment_status":"closed","ping_status":"open","sticky":false,"template":"","format":"standard","meta":{"_lmt_disableupdate":"","_lmt_disable":"","_jetpack_memberships_contains_paid_content":false,"footnotes":""},"categories":[456,109],"tags":[1377],"class_list":["post-75033","post","type-post","status-publish","format-standard","has-post-thumbnail","hentry","category-columna","category-minuto-a-minuto","tag-frida-guerrera-villalvazo"],"jetpack_featured_media_url":"https:\/\/zonaroja.com.mx\/wp-content\/uploads\/2024\/06\/Frida-Guerrera-Veronica-Villalvazo.jpg","jetpack_sharing_enabled":true,"_links":{"self":[{"href":"https:\/\/zonaroja.com.mx\/index.php?rest_route=\/wp\/v2\/posts\/75033","targetHints":{"allow":["GET"]}}],"collection":[{"href":"https:\/\/zonaroja.com.mx\/index.php?rest_route=\/wp\/v2\/posts"}],"about":[{"href":"https:\/\/zonaroja.com.mx\/index.php?rest_route=\/wp\/v2\/types\/post"}],"author":[{"embeddable":true,"href":"https:\/\/zonaroja.com.mx\/index.php?rest_route=\/wp\/v2\/users\/2"}],"replies":[{"embeddable":true,"href":"https:\/\/zonaroja.com.mx\/index.php?rest_route=%2Fwp%2Fv2%2Fcomments&post=75033"}],"version-history":[{"count":1,"href":"https:\/\/zonaroja.com.mx\/index.php?rest_route=\/wp\/v2\/posts\/75033\/revisions"}],"predecessor-version":[{"id":75034,"href":"https:\/\/zonaroja.com.mx\/index.php?rest_route=\/wp\/v2\/posts\/75033\/revisions\/75034"}],"wp:featuredmedia":[{"embeddable":true,"href":"https:\/\/zonaroja.com.mx\/index.php?rest_route=\/wp\/v2\/media\/69816"}],"wp:attachment":[{"href":"https:\/\/zonaroja.com.mx\/index.php?rest_route=%2Fwp%2Fv2%2Fmedia&parent=75033"}],"wp:term":[{"taxonomy":"category","embeddable":true,"href":"https:\/\/zonaroja.com.mx\/index.php?rest_route=%2Fwp%2Fv2%2Fcategories&post=75033"},{"taxonomy":"post_tag","embeddable":true,"href":"https:\/\/zonaroja.com.mx\/index.php?rest_route=%2Fwp%2Fv2%2Ftags&post=75033"}],"curies":[{"name":"wp","href":"https:\/\/api.w.org\/{rel}","templated":true}]}}