{"id":75035,"date":"2024-11-30T19:00:00","date_gmt":"2024-12-01T01:00:00","guid":{"rendered":"https:\/\/zonaroja.com.mx\/?p=75035"},"modified":"2024-11-30T18:22:33","modified_gmt":"2024-12-01T00:22:33","slug":"el-inm-intercepta-y-disuelve-la-caravana-de-migrantes-en-oaxaca","status":"publish","type":"post","link":"https:\/\/zonaroja.com.mx\/?p=75035","title":{"rendered":"El INM intercepta y disuelve la caravana de migrantes en Oaxaca"},"content":{"rendered":"\n<p>Redacci\u00f3n\/Zona Roja Cdmx.<\/p>\n\n\n\n<p>Ciudad de M\u00e9xico, a 30 de noviembre de 2024.- La caravana migrante \u201cLa Bendici\u00f3n de Dios\u201d, conformada por aproximadamente mil 300 personas, parti\u00f3 el 5 de noviembre de Tapachula, Chiapas, y tras recorrer 450 kil\u00f3metros caminando, lleg\u00f3 a Tehuantepec, Oaxaca, donde fueron interceptados por el Instituto Nacional de Migraci\u00f3n (INM).&nbsp;&nbsp;<\/p>\n\n\n\n<p>Los migrantes que llegaron a Tehuantepec cansados, sin recursos y algunos de ellos enfermos, recibieron la oferta del INM y de la Secretar\u00eda de Gobernaci\u00f3n (Segob) de ser trasladados a Michoac\u00e1n y Guerrero en autobuses para que, desde ah\u00ed, regularicen su estatus migratorio y puedan solicitar asilo en Estados Unidos.&nbsp;&nbsp;<\/p>\n\n\n\n<p>Con desconfianza y temor, los migrantes aceptaron la oferta, por lo que fueron trasladados en autobuses brindados por el gobierno mexicano, que ofrece este servicio como parte de su estrategia para disminuir la llegada de migrantes a la frontera con Estados Unidos.&nbsp;&nbsp;<\/p>\n\n\n\n<p>A pesar de que la presidenta Claudia Sheinbaum ha asegurado que su gobierno brinda atenci\u00f3n y servicios a los migrantes, existen denuncias de que estos son enga\u00f1ados por integrantes del INM y terminan siendo abandonados en otros estados lejos de la Ciudad de M\u00e9xico y lejos de la frontera norte.&nbsp;&nbsp;<\/p>\n\n\n\n<p>Migrantes que han aceptado el transporte del gobierno han denunciado que con enga\u00f1os los han llevado a M\u00e9rida, Yucat\u00e1n, a Tabasco y al puerto de Acapulco, donde son abandonados a su suerte.&nbsp;&nbsp;<\/p>\n\n\n\n<p>Frente a estos se\u00f1alamientos, la mandataria mexicana dijo que se revisar\u00e1n los casos, pero mantuvo la postura de que la pol\u00edtica del gobierno mexicano no est\u00e1 basada en enga\u00f1os.&nbsp;&nbsp;<\/p>\n\n\n\n<p>\u201cEsta cosa del enga\u00f1o de migraci\u00f3n, en todo caso, se puede revisar, pero no es la pol\u00edtica de enga\u00f1ar a las personas que quieren un empleo, sea en M\u00e9xico o en otros lugares, es un tema integral, tiene sus particularidades y el objetivo pues es atenderlo de manera humanitaria\u201d.&nbsp;&nbsp;<\/p>\n\n\n\n<p>Sheinbaum destac\u00f3 que en el Aeropuerto Internacional Felipe \u00c1ngeles (AIFA) se lleva a cabo un protocolo con los aviones de repatriaci\u00f3n, donde el INM y la Secretar\u00eda de la Defensa Nacional ofrecen distintos servicios a mexicanos y de otras nacionalidades.&nbsp;&nbsp;<\/p>\n\n\n\n<p>Inform\u00f3 en su conferencia matutina del jueves que en la conversaci\u00f3n con el presidente electo Donald Trump se abord\u00f3 el tema de la migraci\u00f3n.&nbsp;&nbsp;<\/p>\n\n\n\n<p>\u201cLe dije que la caravana que puso en su publicaci\u00f3n, pues esa caravana en realidad no va a llegar a la frontera norte porque tenemos una estrategia en donde se est\u00e1 atendiendo en nuestro pa\u00eds, entonces \u00e9l evidentemente reconoci\u00f3 este esfuerzo que se est\u00e1 haciendo\u201d.&nbsp;&nbsp;<\/p>\n\n\n\n<p>(Informaci\u00f3n de la agencia Proceso)<\/p>\n","protected":false},"excerpt":{"rendered":"<p>Redacci\u00f3n\/Zona Roja Cdmx. Ciudad de M\u00e9xico, a 30 de noviembre de 2024.- La caravana migrante&hellip;<\/p>\n","protected":false},"author":2,"featured_media":65705,"comment_status":"closed","ping_status":"open","sticky":false,"template":"","format":"standard","meta":{"_lmt_disableupdate":"","_lmt_disable":"","_jetpack_memberships_contains_paid_content":false,"footnotes":""},"categories":[109,47],"tags":[3641],"class_list":["post-75035","post","type-post","status-publish","format-standard","has-post-thumbnail","hentry","category-minuto-a-minuto","category-zona-gris","tag-migrantes-en-oaxaca"],"jetpack_featured_media_url":"https:\/\/zonaroja.com.mx\/wp-content\/uploads\/2024\/02\/Migrantes-migracion.jpg","jetpack_sharing_enabled":true,"_links":{"self":[{"href":"https:\/\/zonaroja.com.mx\/index.php?rest_route=\/wp\/v2\/posts\/75035","targetHints":{"allow":["GET"]}}],"collection":[{"href":"https:\/\/zonaroja.com.mx\/index.php?rest_route=\/wp\/v2\/posts"}],"about":[{"href":"https:\/\/zonaroja.com.mx\/index.php?rest_route=\/wp\/v2\/types\/post"}],"author":[{"embeddable":true,"href":"https:\/\/zonaroja.com.mx\/index.php?rest_route=\/wp\/v2\/users\/2"}],"replies":[{"embeddable":true,"href":"https:\/\/zonaroja.com.mx\/index.php?rest_route=%2Fwp%2Fv2%2Fcomments&post=75035"}],"version-history":[{"count":1,"href":"https:\/\/zonaroja.com.mx\/index.php?rest_route=\/wp\/v2\/posts\/75035\/revisions"}],"predecessor-version":[{"id":75036,"href":"https:\/\/zonaroja.com.mx\/index.php?rest_route=\/wp\/v2\/posts\/75035\/revisions\/75036"}],"wp:featuredmedia":[{"embeddable":true,"href":"https:\/\/zonaroja.com.mx\/index.php?rest_route=\/wp\/v2\/media\/65705"}],"wp:attachment":[{"href":"https:\/\/zonaroja.com.mx\/index.php?rest_route=%2Fwp%2Fv2%2Fmedia&parent=75035"}],"wp:term":[{"taxonomy":"category","embeddable":true,"href":"https:\/\/zonaroja.com.mx\/index.php?rest_route=%2Fwp%2Fv2%2Fcategories&post=75035"},{"taxonomy":"post_tag","embeddable":true,"href":"https:\/\/zonaroja.com.mx\/index.php?rest_route=%2Fwp%2Fv2%2Ftags&post=75035"}],"curies":[{"name":"wp","href":"https:\/\/api.w.org\/{rel}","templated":true}]}}