{"id":75040,"date":"2024-12-01T07:50:00","date_gmt":"2024-12-01T13:50:00","guid":{"rendered":"https:\/\/zonaroja.com.mx\/?p=75040"},"modified":"2024-12-01T06:17:25","modified_gmt":"2024-12-01T12:17:25","slug":"detienen-a-cinco-personas-y-con-5-kilos-de-drogas-en-la-costa-oaxaquena","status":"publish","type":"post","link":"https:\/\/zonaroja.com.mx\/?p=75040","title":{"rendered":"Detienen a cinco personas y con 5 kilos de drogas en la Costa oaxaque\u00f1a"},"content":{"rendered":"\n<p>Redacci\u00f3n\/Zona Roja.<\/p>\n\n\n\n<p>Oaxaca de Ju\u00e1rez, Oax., a 1 de diciembre de 2024.- Como aparte de los resultados de las acciones preventivas que realiza la Fiscal\u00eda General del Estado de Oaxaca (FGEO) en estrecha colaboraci\u00f3n interinstitucional con la Secretar\u00eda de la Defensa Nacional (Sedena), Guardia Nacional y elementos de la Polic\u00eda Estatal, se logr\u00f3 la detenci\u00f3n en flagrancia de cinco personas del sexo masculino, as\u00ed como el aseguramiento de cinco kilogramos de droga, durante los operativos que se realizan en la regi\u00f3n de la Costa.<\/p>\n\n\n\n<p>La movilizaci\u00f3n policial cont\u00f3 con la participaci\u00f3n de cerca de 60 elementos sumados entre la Agencia Estatal de Investigaciones (AEI), Sedena, GN y Polic\u00eda Estatal de la Secretar\u00eda de Seguridad y Protecci\u00f3n Ciudadana, que se desplegaron en diferentes puntos de la Costa.<\/p>\n\n\n\n<p>Cuando realizaban trabajos de prevenci\u00f3n en la colonia Aviaci\u00f3n, del municipio de Santiago Jamiltepec, se logr\u00f3 la detenci\u00f3n de cinco personas del sexo masculino identificadas por las iniciales G. V. L., I. J. S. R., D. C. L., F. G. R. y J. M. C. L., por delitos contra la salud, as\u00ed como el aseguramiento de cinco kilos de marihuana, por lo cual fueron puestos a disposici\u00f3n de la autoridad ministerial para determinar su situaci\u00f3n legal correspondiente.<\/p>\n\n\n\n<p>Estas acciones operativas se inscriben dentro de las estrategias trazadas en las Mesas de la Coordinaci\u00f3n Estatal para la Construcci\u00f3n de la Paz y Seguridad en Oaxaca, en las que se identifican las zonas de atenci\u00f3n prioritarias.<\/p>\n\n\n\n<p>La Fiscal\u00eda de Oaxaca realiza este tipo de trabajos en estrecha coordinaci\u00f3n con instancias de los tres niveles de gobierno para atacar las causas con el objetivo de reducir el impacto y prevenir el fen\u00f3meno delictivo en la entidad.<\/p>\n","protected":false},"excerpt":{"rendered":"<p>Redacci\u00f3n\/Zona Roja. Oaxaca de Ju\u00e1rez, Oax., a 1 de diciembre de 2024.- Como aparte de&hellip;<\/p>\n","protected":false},"author":2,"featured_media":75041,"comment_status":"closed","ping_status":"open","sticky":false,"template":"","format":"standard","meta":{"_lmt_disableupdate":"","_lmt_disable":"","_jetpack_memberships_contains_paid_content":false,"footnotes":""},"categories":[109,46],"tags":[494],"class_list":["post-75040","post","type-post","status-publish","format-standard","has-post-thumbnail","hentry","category-minuto-a-minuto","category-zona-blanca","tag-fiscalia-general-del-estado-de-oaxaca"],"jetpack_featured_media_url":"https:\/\/zonaroja.com.mx\/wp-content\/uploads\/2024\/12\/Detenidos-Jamiltepec-con-drogas.jpg","jetpack_sharing_enabled":true,"_links":{"self":[{"href":"https:\/\/zonaroja.com.mx\/index.php?rest_route=\/wp\/v2\/posts\/75040","targetHints":{"allow":["GET"]}}],"collection":[{"href":"https:\/\/zonaroja.com.mx\/index.php?rest_route=\/wp\/v2\/posts"}],"about":[{"href":"https:\/\/zonaroja.com.mx\/index.php?rest_route=\/wp\/v2\/types\/post"}],"author":[{"embeddable":true,"href":"https:\/\/zonaroja.com.mx\/index.php?rest_route=\/wp\/v2\/users\/2"}],"replies":[{"embeddable":true,"href":"https:\/\/zonaroja.com.mx\/index.php?rest_route=%2Fwp%2Fv2%2Fcomments&post=75040"}],"version-history":[{"count":1,"href":"https:\/\/zonaroja.com.mx\/index.php?rest_route=\/wp\/v2\/posts\/75040\/revisions"}],"predecessor-version":[{"id":75042,"href":"https:\/\/zonaroja.com.mx\/index.php?rest_route=\/wp\/v2\/posts\/75040\/revisions\/75042"}],"wp:featuredmedia":[{"embeddable":true,"href":"https:\/\/zonaroja.com.mx\/index.php?rest_route=\/wp\/v2\/media\/75041"}],"wp:attachment":[{"href":"https:\/\/zonaroja.com.mx\/index.php?rest_route=%2Fwp%2Fv2%2Fmedia&parent=75040"}],"wp:term":[{"taxonomy":"category","embeddable":true,"href":"https:\/\/zonaroja.com.mx\/index.php?rest_route=%2Fwp%2Fv2%2Fcategories&post=75040"},{"taxonomy":"post_tag","embeddable":true,"href":"https:\/\/zonaroja.com.mx\/index.php?rest_route=%2Fwp%2Fv2%2Ftags&post=75040"}],"curies":[{"name":"wp","href":"https:\/\/api.w.org\/{rel}","templated":true}]}}