{"id":75048,"date":"2024-12-01T10:00:00","date_gmt":"2024-12-01T16:00:00","guid":{"rendered":"https:\/\/zonaroja.com.mx\/?p=75048"},"modified":"2024-12-01T07:27:19","modified_gmt":"2024-12-01T13:27:19","slug":"asesinan-a-individuo-en-juchitan-tras-encendido-de-arbol-navideno","status":"publish","type":"post","link":"https:\/\/zonaroja.com.mx\/?p=75048","title":{"rendered":"Asesinan a individuo en Juchit\u00e1n, tras encendido de \u00e1rbol navide\u00f1o"},"content":{"rendered":"\n<p>Raymundo Morales\/Zona Roja.<\/p>\n\n\n\n<p>Oaxaca de Ju\u00e1rez, Oax., a 1 de diciembre de 2024.- Luego que la autoridad municipal morenista de Juchit\u00e1n de Zaragoza encendiera el \u00e1rbol navide\u00f1o en el centro de esa ciudad istme\u00f1a, en la periferia una persona fue ejecutada anoche a balazos.<\/p>\n\n\n\n<p>El ataque armado ocurri\u00f3 en inmediaciones del fraccionamiento La Planta, en contra de un individuo, que perdi\u00f3 la vida al instante, debido a la gravedad de las lesiones.<\/p>\n\n\n\n<p>Corporaciones policiacas hallaron el cuerpo en una vialidad de terracer\u00eda y corroboraron la ejecuci\u00f3n; el hombre, a\u00fan no identificado, presentaba varios impactos de bala, uno de ellos en la cabeza.<\/p>\n\n\n\n<p>Fueron vecinos de la zona que dieron aviso al tel\u00e9fono de emergencia, tras o\u00edr los disparos; no obstante, los polic\u00edas municipales \u00fanicamente llegaron a la zona para acordonar el \u00e1rea.<\/p>\n\n\n\n<p>Personal de la Vicefiscal\u00eda Regional del Istmo, de la Fiscal\u00eda General del Estado de Oaxaca, arrib\u00f3 a la zona para realizar las primeras indagatorias.<\/p>\n","protected":false},"excerpt":{"rendered":"<p>Raymundo Morales\/Zona Roja. Oaxaca de Ju\u00e1rez, Oax., a 1 de diciembre de 2024.- Luego que&hellip;<\/p>\n","protected":false},"author":2,"featured_media":67728,"comment_status":"closed","ping_status":"open","sticky":false,"template":"","format":"standard","meta":{"_lmt_disableupdate":"","_lmt_disable":"","_jetpack_memberships_contains_paid_content":false,"footnotes":""},"categories":[109,51],"tags":[297],"class_list":["post-75048","post","type-post","status-publish","format-standard","has-post-thumbnail","hentry","category-minuto-a-minuto","category-zona-roja","tag-ejecutado-juchitan"],"jetpack_featured_media_url":"https:\/\/zonaroja.com.mx\/wp-content\/uploads\/2024\/04\/Escena-del-crimen.jpeg","jetpack_sharing_enabled":true,"_links":{"self":[{"href":"https:\/\/zonaroja.com.mx\/index.php?rest_route=\/wp\/v2\/posts\/75048","targetHints":{"allow":["GET"]}}],"collection":[{"href":"https:\/\/zonaroja.com.mx\/index.php?rest_route=\/wp\/v2\/posts"}],"about":[{"href":"https:\/\/zonaroja.com.mx\/index.php?rest_route=\/wp\/v2\/types\/post"}],"author":[{"embeddable":true,"href":"https:\/\/zonaroja.com.mx\/index.php?rest_route=\/wp\/v2\/users\/2"}],"replies":[{"embeddable":true,"href":"https:\/\/zonaroja.com.mx\/index.php?rest_route=%2Fwp%2Fv2%2Fcomments&post=75048"}],"version-history":[{"count":1,"href":"https:\/\/zonaroja.com.mx\/index.php?rest_route=\/wp\/v2\/posts\/75048\/revisions"}],"predecessor-version":[{"id":75049,"href":"https:\/\/zonaroja.com.mx\/index.php?rest_route=\/wp\/v2\/posts\/75048\/revisions\/75049"}],"wp:featuredmedia":[{"embeddable":true,"href":"https:\/\/zonaroja.com.mx\/index.php?rest_route=\/wp\/v2\/media\/67728"}],"wp:attachment":[{"href":"https:\/\/zonaroja.com.mx\/index.php?rest_route=%2Fwp%2Fv2%2Fmedia&parent=75048"}],"wp:term":[{"taxonomy":"category","embeddable":true,"href":"https:\/\/zonaroja.com.mx\/index.php?rest_route=%2Fwp%2Fv2%2Fcategories&post=75048"},{"taxonomy":"post_tag","embeddable":true,"href":"https:\/\/zonaroja.com.mx\/index.php?rest_route=%2Fwp%2Fv2%2Ftags&post=75048"}],"curies":[{"name":"wp","href":"https:\/\/api.w.org\/{rel}","templated":true}]}}