{"id":75053,"date":"2024-12-01T13:00:00","date_gmt":"2024-12-01T19:00:00","guid":{"rendered":"https:\/\/zonaroja.com.mx\/?p=75053"},"modified":"2024-12-01T07:35:11","modified_gmt":"2024-12-01T13:35:11","slug":"opinion-violencia-contra-mujeres-y-armas","status":"publish","type":"post","link":"https:\/\/zonaroja.com.mx\/?p=75053","title":{"rendered":"Opini\u00f3n. Violencia contra mujeres y armas"},"content":{"rendered":"\n<p>Soledad Jarqu\u00edn \u00c9dgar*\/SemM\u00e9xico<\/p>\n\n\n\n<p>En el contexto de los 16 d\u00edas de activismo contra la violencia hacia las mujeres y las ni\u00f1as, por cierto, una propuesta del Centro para el Liderazgo Global de Mujeres de 1991 nos invita a no perder del hilo de nuestras m\u00e1s profundas preocupaciones: la violencia.&nbsp;<\/p>\n\n\n\n<p>Las periodistas feministas ni las organizaciones de la sociedad civil que luchan por los derechos de las mujeres no est\u00e1bamos equivocadas, a mayor violencia generalizada en el pa\u00eds m\u00e1s riesgo para las mujeres.&nbsp;<\/p>\n\n\n\n<p>A prop\u00f3sito del 25N, la organizaci\u00f3n Data C\u00edvica, m\u00e1s datos para m\u00e1s personas, public\u00f3 Lo que sabemos sobre la violencia que viven las mujeres en M\u00e9xico, con datos muy espec\u00edficos que lamentablemente no siempre se reconocen, incluso, se invisibilizan.&nbsp;<\/p>\n\n\n\n<p>El informe que presenta Data C\u00edvica refiere que desde 2006, cuando el expresidente Calder\u00f3n inici\u00f3 la llamada guerra contra el narco, la tendencia de asesinatos violentos contra mujeres sigue una tendencia parecida a los homicidios de hombres, aunque con una tasa menor para las mujeres.<\/p>\n\n\n\n<p>En los \u00faltimos 20 a\u00f1os, entre 2003 y 2023 el incremento de asesinatos contra mujeres \u201cen general\u201d aument\u00f3 un 127 por ciento. Su hip\u00f3tesis es que este incremento est\u00e1 vinculado a la violencia generalizada.<\/p>\n\n\n\n<p>Otro hallazgo y que ya hab\u00eda sido planteado por diversas organizaciones es la relaci\u00f3n de los asesinatos violentos contra mujeres y el tipo de armas que se utilizan. En el pa\u00eds dice el informe de Data C\u00edvica em 61.3 por ciento de estos hechos violentos fueron cometidos con armas de fuego.<\/p>\n\n\n\n<p>En el caso particular de Oaxaca, pongo el ejemplo porque es lo que sucede en todo el pa\u00eds, Consorcio Oaxaca refiere que en 2017 el porcentaje de asesinatos de mujeres fue del 56 por ciento. En sus informes anuales la organizaci\u00f3n de la sociedad civil report\u00f3 que en el periodo 2018-2019 este porcentaje creci\u00f3 tres puntos porcentuales (59 %) y en 2023, de cien asesinatos violentos contra mujeres, el 62 por ciento se cometieron con armas de fuego. Es decir, 1.3 por ciento m\u00e1s que el registro nacional hecho por Data C\u00edvica.<\/p>\n\n\n\n<p>El escenario nacional tiene que ver con la cada vez mayor presencia o circulaci\u00f3n de armas de fuego en M\u00e9xico. En 2021, por ejemplo, el pa\u00eds ocup\u00f3 el sexto lugar con m\u00e1s armas en el mundo. \u201cSmall Arms Survey estim\u00f3 que 15 millones de armas est\u00e1n en circulaci\u00f3n en M\u00e9xico y otro estudio sugiere que podr\u00eda haber habido hasta 24 millones en el periodo 1990-2013\u201d, dice una cita extra\u00edda de otro estudio realizado por Intersecta Organizaci\u00f3n para la Igualdad, A.C. Data C\u00edvica, A.C. EQUIS Justicia para las Mujeres, A.C. Centro de Estudios Ecum\u00e9nicos, A.C. llamado Violencia de G\u00e9nero con Armas en M\u00e9xico.<\/p>\n\n\n\n<p>Estos datos nos hablan de una realidad y sus consecuencias. La violencia generalizada no es un hecho aislado o ajeno a la vida de las mujeres, las estad\u00edsticas de estos 20 a\u00f1os nos dicen otra cosa, entonces es necesario que se accionen otro tipo de medidas para contrarrestar un fen\u00f3meno que deja dolor y desolaci\u00f3n. El dolor por la p\u00e9rdida y la desolaci\u00f3n porque la exigencia de justicia en M\u00e9xico es caminar sin br\u00fajula en un desierto.<\/p>\n\n\n\n<p>Ahora que se plantea desde el palacio nacional, en la voz de la presidenta mexicana Claudia Sheinbaum Pardo cero impunidad en los casos de feminicidio y el anuncio de la campa\u00f1a \u00a1Es tiempo de mujeres sin violencia! \u00a1S\u00famate y transforma! es el momento de hacer hincapi\u00e9 en la importancia de la campa\u00f1a s\u00ed, para hacer cambios a la anquilosada estructura patriarcal que efectivamente sigue permitiendo la violencia hacia las mujeres, con costos alt\u00edsimos, proyectos de vida truncados, orfandad y ese contexto que produce miles de hu\u00e9rfilas (madres que pierden a sus hijas). La campa\u00f1a requerir\u00e1 de un cambio fundamental en la pol\u00edtica p\u00fablica que debe pasar de las declaraciones a las acciones.&nbsp;<\/p>\n\n\n\n<p>Tambi\u00e9n es importante homologar el tipo penal. No para reducir las llamadas \u201crazones de g\u00e9nero\u201d sino para ampliar esas \u201csin-razones\u201d que llevan a cometer estos violentos cr\u00edmenes contra mujeres, para que ahora s\u00ed sea efectivo aquello que pomposamente pregonan las fiscal\u00edas del pa\u00eds, cuando sostienen que investigan los asesinatos violentos de mujeres como feminicidios. Aunque la realidad sirva solo para invisibilizar y ocultar casos amparados en las \u201crazones de g\u00e9nero\u201d, que habr\u00eda que decir, todav\u00eda no se acaban de entender entre el personal de las fiscal\u00edas ni de los tribunales.<\/p>\n\n\n\n<p>Mi atrevida sugerencia, para evitar el \u201cT\u00edn Mar\u00edn de do Ping\u00fce\u201d que se avientan para determinar si son o no feminicidios, es ampliar las famosas \u201crazones de g\u00e9nero\u201d.&nbsp;<\/p>\n\n\n\n<p>Julia Mon\u00e1rrez Fregoso \u2013 Doctora en Ciencias Sociales con especializaci\u00f3n en Estudios de la Mujer y Relaciones de G\u00e9nero, por la Universidad Aut\u00f3noma Metropolitana. Profesora investigadora titular en El Colegio de la Frontera Norte- ya ofrece una clasificaci\u00f3n: feminicidio \u00edntimo, no \u00edntimo, infantil, familiar, por conexi\u00f3n, por prostituci\u00f3n, por trata, por tr\u00e1fico, por transf\u00f3bico, racista, por mutilaci\u00f3n genital femenina, sexual serial, por robo, por violencia juvenil, por violencia comunitaria o econ\u00f3mica, narcotr\u00e1fico y crimen organizado, y otros que seguramente saldr\u00e1n.<\/p>\n\n\n\n<p>En fin, tendremos que esperar a ver qu\u00e9 est\u00e1n pensando. Para detener los feminicidios es necesario cambiar o ampliar el marco jur\u00eddico y el andamiaje institucional.<\/p>\n","protected":false},"excerpt":{"rendered":"<p>Soledad Jarqu\u00edn \u00c9dgar*\/SemM\u00e9xico En el contexto de los 16 d\u00edas de activismo contra la violencia&hellip;<\/p>\n","protected":false},"author":2,"featured_media":68029,"comment_status":"closed","ping_status":"open","sticky":false,"template":"","format":"standard","meta":{"_lmt_disableupdate":"","_lmt_disable":"","_jetpack_memberships_contains_paid_content":false,"footnotes":""},"categories":[456,109],"tags":[90],"class_list":["post-75053","post","type-post","status-publish","format-standard","has-post-thumbnail","hentry","category-columna","category-minuto-a-minuto","tag-soledad-jarquin"],"jetpack_featured_media_url":"https:\/\/zonaroja.com.mx\/wp-content\/uploads\/2024\/05\/Soledad-Jarquin-Edgar.jpg","jetpack_sharing_enabled":true,"_links":{"self":[{"href":"https:\/\/zonaroja.com.mx\/index.php?rest_route=\/wp\/v2\/posts\/75053","targetHints":{"allow":["GET"]}}],"collection":[{"href":"https:\/\/zonaroja.com.mx\/index.php?rest_route=\/wp\/v2\/posts"}],"about":[{"href":"https:\/\/zonaroja.com.mx\/index.php?rest_route=\/wp\/v2\/types\/post"}],"author":[{"embeddable":true,"href":"https:\/\/zonaroja.com.mx\/index.php?rest_route=\/wp\/v2\/users\/2"}],"replies":[{"embeddable":true,"href":"https:\/\/zonaroja.com.mx\/index.php?rest_route=%2Fwp%2Fv2%2Fcomments&post=75053"}],"version-history":[{"count":1,"href":"https:\/\/zonaroja.com.mx\/index.php?rest_route=\/wp\/v2\/posts\/75053\/revisions"}],"predecessor-version":[{"id":75054,"href":"https:\/\/zonaroja.com.mx\/index.php?rest_route=\/wp\/v2\/posts\/75053\/revisions\/75054"}],"wp:featuredmedia":[{"embeddable":true,"href":"https:\/\/zonaroja.com.mx\/index.php?rest_route=\/wp\/v2\/media\/68029"}],"wp:attachment":[{"href":"https:\/\/zonaroja.com.mx\/index.php?rest_route=%2Fwp%2Fv2%2Fmedia&parent=75053"}],"wp:term":[{"taxonomy":"category","embeddable":true,"href":"https:\/\/zonaroja.com.mx\/index.php?rest_route=%2Fwp%2Fv2%2Fcategories&post=75053"},{"taxonomy":"post_tag","embeddable":true,"href":"https:\/\/zonaroja.com.mx\/index.php?rest_route=%2Fwp%2Fv2%2Ftags&post=75053"}],"curies":[{"name":"wp","href":"https:\/\/api.w.org\/{rel}","templated":true}]}}