{"id":7506,"date":"2020-01-10T13:53:37","date_gmt":"2020-01-10T19:53:37","guid":{"rendered":"https:\/\/www.zonaroja.com.mx\/?p=7506"},"modified":"2020-01-10T13:57:50","modified_gmt":"2020-01-10T19:57:50","slug":"familia-de-toledo-exige-a-congreso-federal-no-utilizar-el-nombre-del-artista-plastico-para-medalla","status":"publish","type":"post","link":"https:\/\/zonaroja.com.mx\/?p=7506","title":{"rendered":"Familia de Toledo exige a Congreso federal no utilizar el nombre del artista pl\u00e1stico para medalla"},"content":{"rendered":"\n<p class=\"MsoNormal\">Yuridiana Sosa\/Zona Roja<\/p>\n\n\n\n<p class=\"MsoNormal\">Oaxaca de Ju\u00e1rez, Oax.,10 de enero de 2020.- Hijos y viuda del fallecido artista Francisco Toledo demandaron una vez m\u00e1s al Congreso federal cancelar el tr\u00e1mite de creaci\u00f3n de la medalla que llevar\u00eda el nombre del pintor.<\/p>\n\n\n\n<p class=\"MsoNormal\">A trav\u00e9s de un documento, la familia se dirigi\u00f3 al presidente de la Comisi\u00f3n de Cultura de la C\u00e1mara de Diputados, Sergio Mayer Bret\u00f3n, para reiterarle su oposici\u00f3n del nombre de Francisco Toledo, como parte de la voluntad del maestro, quien en vida rechaz\u00f3 propuestas similares.<\/p>\n\n\n\n<p class=\"MsoNormal\">En diciembre de 2019, el Congreso federal aprob\u00f3 la creaci\u00f3n de la Medalla \u201cFrancisco Toledo\u201d, en reconocimiento a quienes han mostrado su defensa al patrimonio cultural de M\u00e9xico.<\/p>\n\n\n\n<p class=\"MsoNormal\">Desde la propuesta, la familia del fallecido pintor manifest\u00f3 su descontento, debido a que el maestro Francisco Toledo no era partidario de reconocimientos y homenajes.<\/p>\n\n\n\n<p class=\"MsoNormal\">El diputado dio a conocer este jueves, a trav\u00e9s del medio el \u201cExc\u00e9lsior\u201d, que el proyecto continuar\u00e1 a pesar del disgusto en la familia del oaxaque\u00f1o.<\/p>\n\n\n\n<p class=\"MsoNormal\">\u201cDe ninguna manera estamos de acuerdo en que tras la muerte del maestro Toledo, los temas relacionados o asociados a su persona pasen a ser de la ciudadan\u00eda, reiteramos nuestra posici\u00f3n en que lo \u00fanico que pedimos es respeto hacia nuestro padre y esposo\u201d, se\u00f1alaron los deudos.<\/p>\n\n\n\n<p class=\"MsoNormal\">En el escrito enfatizaron que el legado del maestro Toledo, que son un instituto que cre\u00f3 y proyectos que impuls\u00f3, son para todo el p\u00fablico, pero su nombre y persona son de car\u00e1cter privado, as\u00ed como \u00e9l siempre llev\u00f3 su vida.&nbsp;<\/p>\n\n\n\n<p class=\"MsoNormal\">Describieron que para el debido uso de su nombre, el pintor dej\u00f3 estipulado que los derechos de autor, sobre su nombre y firma, son de la familia, por lo que la asociaci\u00f3n civil Francisco Toledo est\u00e1 conformada por miembros de la familia y trabaja de la mano con otra de las asociaciones que cre\u00f3, como Amigos del Instituto de Artes Gr\u00e1ficas de Oaxaca (IAGO) y del Centro Fotogr\u00e1fico Manuel \u00c1lvarez Bravo A.C.<\/p>\n\n\n\n<p class=\"MsoNormal\">La familia del fallecido artista explic\u00f3 que cuando Toledo recibi\u00f3 la distinci\u00f3n de Creador Em\u00e9rito, sum\u00f3 los recursos que recib\u00eda al fondo de becas que ten\u00eda para apoyar a estudiantes de distintos niveles educativos. <\/p>\n\n\n\n<p class=\"MsoNormal\">En 2019 decidi\u00f3 renunciar a este t\u00edtulo, pero al no lograr su cancelaci\u00f3n, decidi\u00f3 crear tres nuevas convocatorias de los Premios CaSa de creaci\u00f3n literaria en triqui, huave y mixe, concurso que cre\u00f3 en 2011 dirigido a los zapotecos, y en 2018 incluy\u00f3 a la lengua mixteca.<\/p>\n","protected":false},"excerpt":{"rendered":"<p>Yuridiana Sosa\/Zona Roja Oaxaca de Ju\u00e1rez, Oax.,10 de enero de 2020.- Hijos y viuda del&hellip;<\/p>\n","protected":false},"author":2,"featured_media":7505,"comment_status":"closed","ping_status":"open","sticky":false,"template":"","format":"standard","meta":{"_lmt_disableupdate":"","_lmt_disable":"","_jetpack_memberships_contains_paid_content":false,"footnotes":""},"categories":[109,47],"tags":[677],"class_list":["post-7506","post","type-post","status-publish","format-standard","has-post-thumbnail","hentry","category-minuto-a-minuto","category-zona-gris","tag-francisco-toledo"],"jetpack_featured_media_url":"https:\/\/zonaroja.com.mx\/wp-content\/uploads\/2020\/01\/img_6710.jpg","jetpack_sharing_enabled":true,"_links":{"self":[{"href":"https:\/\/zonaroja.com.mx\/index.php?rest_route=\/wp\/v2\/posts\/7506","targetHints":{"allow":["GET"]}}],"collection":[{"href":"https:\/\/zonaroja.com.mx\/index.php?rest_route=\/wp\/v2\/posts"}],"about":[{"href":"https:\/\/zonaroja.com.mx\/index.php?rest_route=\/wp\/v2\/types\/post"}],"author":[{"embeddable":true,"href":"https:\/\/zonaroja.com.mx\/index.php?rest_route=\/wp\/v2\/users\/2"}],"replies":[{"embeddable":true,"href":"https:\/\/zonaroja.com.mx\/index.php?rest_route=%2Fwp%2Fv2%2Fcomments&post=7506"}],"version-history":[{"count":1,"href":"https:\/\/zonaroja.com.mx\/index.php?rest_route=\/wp\/v2\/posts\/7506\/revisions"}],"predecessor-version":[{"id":7507,"href":"https:\/\/zonaroja.com.mx\/index.php?rest_route=\/wp\/v2\/posts\/7506\/revisions\/7507"}],"wp:featuredmedia":[{"embeddable":true,"href":"https:\/\/zonaroja.com.mx\/index.php?rest_route=\/wp\/v2\/media\/7505"}],"wp:attachment":[{"href":"https:\/\/zonaroja.com.mx\/index.php?rest_route=%2Fwp%2Fv2%2Fmedia&parent=7506"}],"wp:term":[{"taxonomy":"category","embeddable":true,"href":"https:\/\/zonaroja.com.mx\/index.php?rest_route=%2Fwp%2Fv2%2Fcategories&post=7506"},{"taxonomy":"post_tag","embeddable":true,"href":"https:\/\/zonaroja.com.mx\/index.php?rest_route=%2Fwp%2Fv2%2Ftags&post=7506"}],"curies":[{"name":"wp","href":"https:\/\/api.w.org\/{rel}","templated":true}]}}