{"id":75061,"date":"2024-12-01T18:42:49","date_gmt":"2024-12-02T00:42:49","guid":{"rendered":"https:\/\/zonaroja.com.mx\/?p=75061"},"modified":"2024-12-01T18:42:51","modified_gmt":"2024-12-02T00:42:51","slug":"otras-dos-masacres-ocho-en-guanajuato-y-siete-en-morelos","status":"publish","type":"post","link":"https:\/\/zonaroja.com.mx\/?p=75061","title":{"rendered":"Otras dos masacres: ocho en Guanajuato y siete en Morelos"},"content":{"rendered":"\n<p>Redacci\u00f3n\/Zona Roja Cdmx.<\/p>\n\n\n\n<p>Ciudad de M\u00e9xico, a 1 de diciembre de 2024.- Ocho personas murieron y dos resultaron heridas en un ataque armado cometido en el municipio de Apaseo el Grande, en una zona llamada \u201cEl tr\u00e9bol de los Apaseos\u201d.<\/p>\n\n\n\n<p>A un costado de la carretera hay varios comercios establecidos, donde paran automovilistas para hacer compras, principalmente de comida.<\/p>\n\n\n\n<p>Alrededor de las 10 de la noche del s\u00e1bado, un grupo armado descendi\u00f3 de varias unidades y comenz\u00f3 a disparar contra los presentes. Posteriormente, huyeron del lugar.<\/p>\n\n\n\n<p>Al parecer, entre las v\u00edctimas hay un param\u00e9dico y dos bomberos de Celaya fuera de turno.<\/p>\n\n\n\n<p>Transcendi\u00f3 que los fallecidos son: Ricardo L\u00f3pez Ortega, integrante del Sistema de Emergencias del Estado de Guanajuato (SUEG); Ulises Ram\u00edrez y Alejandro Ortega, bomberos de Celaya.<\/p>\n\n\n\n<p>La Fiscal\u00eda General del Estado (FGE) confirm\u00f3 que ocho hombres fueron asesinados, de los cuales han sido identificados Ulises, Ricardo Eduardo, Fernando Antonio, \u00c1ngel Adri\u00e1n, \u00c9dgar y Rodolfo Alejandro. Los lesionados son un hombre y una mujer.<\/p>\n\n\n\n<p>EN MORELOS<\/p>\n\n\n\n<p>Un grupo de hombres armados irrumpi\u00f3 en un domicilio de la colonia Vista Hermosa de Jiutepec, Morelos, en donde hab\u00eda personas de diferentes edades reunidas consumiendo bebidas embriagantes y presuntamente sustancias il\u00edcitas, y asesinaron a siete personas, entre \u00e9stas una menor de edad, y dej\u00f3 heridas otras dos personas, informaron fuentes policiacas.<\/p>\n\n\n\n<p>En otros hechos distintos, durante el viernes y s\u00e1bado se registraron otros cinco homicidios dolosos en diferentes municipios de Morelos.<\/p>\n\n\n\n<p>Por lo que, seg\u00fan estas fuentes, en total se registraron 12 asesinatos durante esos dos d\u00edas (viernes y s\u00e1bado) en Morelos.<\/p>\n\n\n\n<p>Los reportes policiacos del multihomicidio registrado en la colonia Vista Hermosa, fue despu\u00e9s de las 22:22 de la noche del s\u00e1bado, en esta primera tarjeta informativa mencionan una balacera que se registr\u00f3 entre las calles cerro de Turquesa con calle de la Virgen en la colonia Vista Hermosa.&nbsp;<\/p>\n\n\n\n<p>Al arribar los uniformados a esta zona, considerada peligrosa para los habitantes de esta cabecera municipal, observan primero a una mujer menor de edad con lesiones en el brazo derecho y cadera, que es trasladada al hospital del Ni\u00f1o de Morelos, y muri\u00f3 \u00e9sta horas despu\u00e9s.<\/p>\n\n\n\n<p>Posteriormente al ingresar al domicilio, mencionado, y en donde seg\u00fan vecinos hab\u00edan ocurrido los balazos, los polic\u00edas municipales observaron 6 personas del sexo masculino inconscientes y en medio de un charco de sangre sin signos vitales.<\/p>\n\n\n\n<p>La Secretar\u00eda de Seguridad y Protecci\u00f3n Ciudadana de Morelos, confirm\u00f3 el homicidio doloso de estas sieta personas, \u201cquienes presentaban disparos de arma de fuego a quemarropa\u201d.<\/p>\n\n\n\n<p>De acuerdo a su informaci\u00f3n, se trata de \u00absiete masculinos occisos de diversas edades, as\u00ed como dos personas lesionadas de gravedad, quienes fueron llevadas a un hospital cercano para su atenci\u00f3n m\u00e9dica\u00bb.<\/p>\n\n\n\n<p>Los otros homicidios ocurrieron, uno en Jiutepec en la colonia Vicente Guerrero, la noche del s\u00e1bado, hombres armados desde un veh\u00edculo en movimiento mataron a un joven que conduc\u00eda una motocicleta, la muchacha que iba con \u00e9l result\u00f3 herida de gravedad.<\/p>\n\n\n\n<p>Otro asesinato se registr\u00f3 en Yecapixtla, otro en Jojutla y otros dos en el municipio de Atlatlahuacan.<\/p>\n\n\n\n<p>(Informaci\u00f3n de \u201cLa Jornada\u201d)<\/p>\n","protected":false},"excerpt":{"rendered":"<p>Redacci\u00f3n\/Zona Roja Cdmx. Ciudad de M\u00e9xico, a 1 de diciembre de 2024.- Ocho personas murieron&hellip;<\/p>\n","protected":false},"author":2,"featured_media":75062,"comment_status":"closed","ping_status":"open","sticky":false,"template":"","format":"standard","meta":{"_lmt_disableupdate":"","_lmt_disable":"","_jetpack_memberships_contains_paid_content":false,"footnotes":""},"categories":[109,51],"tags":[1746],"class_list":["post-75061","post","type-post","status-publish","format-standard","has-post-thumbnail","hentry","category-minuto-a-minuto","category-zona-roja","tag-violencia-en-mexico"],"jetpack_featured_media_url":"https:\/\/zonaroja.com.mx\/wp-content\/uploads\/2024\/12\/Escena-asesinados-Guanajuato.jpg","jetpack_sharing_enabled":true,"_links":{"self":[{"href":"https:\/\/zonaroja.com.mx\/index.php?rest_route=\/wp\/v2\/posts\/75061","targetHints":{"allow":["GET"]}}],"collection":[{"href":"https:\/\/zonaroja.com.mx\/index.php?rest_route=\/wp\/v2\/posts"}],"about":[{"href":"https:\/\/zonaroja.com.mx\/index.php?rest_route=\/wp\/v2\/types\/post"}],"author":[{"embeddable":true,"href":"https:\/\/zonaroja.com.mx\/index.php?rest_route=\/wp\/v2\/users\/2"}],"replies":[{"embeddable":true,"href":"https:\/\/zonaroja.com.mx\/index.php?rest_route=%2Fwp%2Fv2%2Fcomments&post=75061"}],"version-history":[{"count":1,"href":"https:\/\/zonaroja.com.mx\/index.php?rest_route=\/wp\/v2\/posts\/75061\/revisions"}],"predecessor-version":[{"id":75063,"href":"https:\/\/zonaroja.com.mx\/index.php?rest_route=\/wp\/v2\/posts\/75061\/revisions\/75063"}],"wp:featuredmedia":[{"embeddable":true,"href":"https:\/\/zonaroja.com.mx\/index.php?rest_route=\/wp\/v2\/media\/75062"}],"wp:attachment":[{"href":"https:\/\/zonaroja.com.mx\/index.php?rest_route=%2Fwp%2Fv2%2Fmedia&parent=75061"}],"wp:term":[{"taxonomy":"category","embeddable":true,"href":"https:\/\/zonaroja.com.mx\/index.php?rest_route=%2Fwp%2Fv2%2Fcategories&post=75061"},{"taxonomy":"post_tag","embeddable":true,"href":"https:\/\/zonaroja.com.mx\/index.php?rest_route=%2Fwp%2Fv2%2Ftags&post=75061"}],"curies":[{"name":"wp","href":"https:\/\/api.w.org\/{rel}","templated":true}]}}