{"id":75064,"date":"2024-12-01T20:28:46","date_gmt":"2024-12-02T02:28:46","guid":{"rendered":"https:\/\/zonaroja.com.mx\/?p=75064"},"modified":"2024-12-01T20:28:47","modified_gmt":"2024-12-02T02:28:47","slug":"tres-decadas-despues-exigen-en-oaxaca-extinguir-decreto-de-areas-naturales","status":"publish","type":"post","link":"https:\/\/zonaroja.com.mx\/?p=75064","title":{"rendered":"Tres d\u00e9cadas despu\u00e9s, exigen en Oaxaca extinguir decreto de \u00e1reas naturales"},"content":{"rendered":"\n<p>Ismael Garc\u00eda M.\/Zona Roja.<\/p>\n\n\n\n<p>Oaxaca de Ju\u00e1rez, Oax., a 1 de diciembre de 2024.- Ni en domingo hay descanso para las marchas y protestas.<\/p>\n\n\n\n<p>La ma\u00f1ana de hoy, un grupo de vecinos de asentamientos de la zona norte march\u00f3 hacia el z\u00f3calo de la ciudad de Oaxaca.<\/p>\n\n\n\n<p>Ello para exigir la derogaci\u00f3n de un decreto que data de 1992 por el cual fue declarado zona natural protegida en zona conurbada de la capital.<\/p>\n\n\n\n<p>\u201cLa verdadera intenci\u00f3n de este decreto fue despojar a los grupos agrarios para lucrar y beneficiar a los allegados del entonces gobernador.<\/p>\n\n\n\n<p>\u201cEn m\u00e1s de 30 a\u00f1os no se realiz\u00f3 una consulta p\u00fablica ni plan de manejo, por lo tanto el \u00e1rea continu\u00f3 pobl\u00e1ndose y hogares de miles de familias oaxaque\u00f1as se ubicaron en esa zona sin conocimiento ni notificaci\u00f3n alguna del decreto\u201d, dieron a conocer.<\/p>\n\n\n\n<p>La movilizaci\u00f3n parti\u00f3 en la calzada San Felipe, en la agencia de San Felipe del Agua y en la avenida Ju\u00e1rez se uni\u00f3 un grupo de habitantes de la agencia de Pueblo Nuevo, con la misma exigencia.<\/p>\n\n\n\n<p>En el z\u00f3calo los manifestantes, que no precisaron con exactitud de qu\u00e9 colonias proven\u00edan ni qui\u00e9n los movilizaba, efectuaron un mitin y, seg\u00fan dijeron, ante la falta de funcionarios para escuchar y recibir sus demandas, regresar\u00e1n en los pr\u00f3ximos d\u00edas.<\/p>\n\n\n\n<p>Detallaron que hay diversos asentamientos de las agencias Guadalupe Victoria, Donaj\u00ed, Pueblo Nuevo, San Felipe del Agua y Trinidad de Viguera las afectadas.<\/p>\n\n\n\n<p>\u201cEn 32 a\u00f1os el decreto no entr\u00f3 en vigor por falta de fundamento e ineficiencia del mismo. Hoy ese decreto dej\u00f3 de ser inoperante\u201d, explicaron, e hicieron notar que dicha determinaci\u00f3n pone en riesgo a 26 mil c\u00e9dulas catastrales, patrimonio de igual n\u00famero de familias.<\/p>\n\n\n\n<p>Cerca del mediod\u00eda se retiraron del z\u00f3calo, una vez concluido el mitin. <\/p>\n","protected":false},"excerpt":{"rendered":"<p>Ismael Garc\u00eda M.\/Zona Roja. Oaxaca de Ju\u00e1rez, Oax., a 1 de diciembre de 2024.- Ni&hellip;<\/p>\n","protected":false},"author":2,"featured_media":75065,"comment_status":"closed","ping_status":"open","sticky":false,"template":"","format":"standard","meta":{"_lmt_disableupdate":"","_lmt_disable":"","_jetpack_memberships_contains_paid_content":false,"footnotes":""},"categories":[109,46],"tags":[],"class_list":["post-75064","post","type-post","status-publish","format-standard","has-post-thumbnail","hentry","category-minuto-a-minuto","category-zona-blanca"],"jetpack_featured_media_url":"https:\/\/zonaroja.com.mx\/wp-content\/uploads\/2024\/12\/Protesta-contra-decreto-ciudad-de-Oaxaca.jpg","jetpack_sharing_enabled":true,"_links":{"self":[{"href":"https:\/\/zonaroja.com.mx\/index.php?rest_route=\/wp\/v2\/posts\/75064","targetHints":{"allow":["GET"]}}],"collection":[{"href":"https:\/\/zonaroja.com.mx\/index.php?rest_route=\/wp\/v2\/posts"}],"about":[{"href":"https:\/\/zonaroja.com.mx\/index.php?rest_route=\/wp\/v2\/types\/post"}],"author":[{"embeddable":true,"href":"https:\/\/zonaroja.com.mx\/index.php?rest_route=\/wp\/v2\/users\/2"}],"replies":[{"embeddable":true,"href":"https:\/\/zonaroja.com.mx\/index.php?rest_route=%2Fwp%2Fv2%2Fcomments&post=75064"}],"version-history":[{"count":1,"href":"https:\/\/zonaroja.com.mx\/index.php?rest_route=\/wp\/v2\/posts\/75064\/revisions"}],"predecessor-version":[{"id":75066,"href":"https:\/\/zonaroja.com.mx\/index.php?rest_route=\/wp\/v2\/posts\/75064\/revisions\/75066"}],"wp:featuredmedia":[{"embeddable":true,"href":"https:\/\/zonaroja.com.mx\/index.php?rest_route=\/wp\/v2\/media\/75065"}],"wp:attachment":[{"href":"https:\/\/zonaroja.com.mx\/index.php?rest_route=%2Fwp%2Fv2%2Fmedia&parent=75064"}],"wp:term":[{"taxonomy":"category","embeddable":true,"href":"https:\/\/zonaroja.com.mx\/index.php?rest_route=%2Fwp%2Fv2%2Fcategories&post=75064"},{"taxonomy":"post_tag","embeddable":true,"href":"https:\/\/zonaroja.com.mx\/index.php?rest_route=%2Fwp%2Fv2%2Ftags&post=75064"}],"curies":[{"name":"wp","href":"https:\/\/api.w.org\/{rel}","templated":true}]}}