{"id":75070,"date":"2024-12-02T07:35:20","date_gmt":"2024-12-02T13:35:20","guid":{"rendered":"https:\/\/zonaroja.com.mx\/?p=75070"},"modified":"2024-12-02T07:35:22","modified_gmt":"2024-12-02T13:35:22","slug":"dejo-su-arma-en-vestidor-de-tienda-departamental-de-la-ciudad-de-oaxaca","status":"publish","type":"post","link":"https:\/\/zonaroja.com.mx\/?p=75070","title":{"rendered":"\u00a1Dej\u00f3 su arma en vestidor de tienda departamental de la ciudad de Oaxaca!"},"content":{"rendered":"\n<p>Redacci\u00f3n\/Zona Roja.<\/p>\n\n\n\n<p>Oaxaca de Ju\u00e1rez, Oax., a 2 de diciembre de 2024.- Un arma de fuego cargada fue abandonada este fin de semana en un vestidor de la tienda departamental Liverpool de la ciudad de Oaxaca.&nbsp;<\/p>\n\n\n\n<p>El hecho fue conformado por la Secretar\u00eda de Seguridad y Protecci\u00f3n Ciudadana (SSPC), quien en un comunicado detall\u00f3 que tuvo conocimiento de este hecho cuando el Centro de Control, Comando y Comunicaci\u00f3n (C4) recibi\u00f3 el reporte, el cual fue atendido por elementos de la Polic\u00eda Estatal quienes se trasladaron al lugar.<\/p>\n\n\n\n<p>El arma de fuego tipo escuadra, con n\u00famero de serie 146195 y un cargador abastecido de 12 cartuchos \u00fatiles calibre 380, se localiz\u00f3 en el \u00e1rea de probadores de la secci\u00f3n de caballeros.<\/p>\n\n\n\n<p>Polic\u00edas estatales aseguraron el dispositivo para posteriormente trasladarlo a la Fiscal\u00eda General de la Rep\u00fablica (FGR) para los efectos legales correspondientes. Hasta ahora se desconoce qui\u00e9n o qui\u00e9nes la habr\u00edan abandonado en ese sitio y su fue utilizada para cometer alg\u00fan delito.<\/p>\n\n\n\n<p>DOS ARMADOS<\/p>\n\n\n\n<p>Por otra parte, la Secretar\u00eda de Seguridad dio a conocer tambi\u00e9n que la Polic\u00eda Estatal detuvo a dos personas por la portaci\u00f3n sin permiso de un arma de fuego calibre 22, en este municipio.<\/p>\n\n\n\n<p>Se\u00f1al\u00f3 que esta acci\u00f3n deriv\u00f3 de los operativos de prevenci\u00f3n y vigilancia que realiza la corporaci\u00f3n policiaca.<\/p>\n\n\n\n<p>Se trata de Miguel \u201cNN\u201d y Juan Alberto \u201cNN\u201d de 18 y 30 a\u00f1os de edad, respectivamente, quienes viajaban a bordo de una camioneta marca Toyota tipo Hilux, color blanco, con placas de circulaci\u00f3n RU-9J42.<\/p>\n\n\n\n<p>Ser\u00e1 la Fiscal\u00eda General de la Rep\u00fablica (FGR) quien determine lo procedente conforme a la Ley.<\/p>\n","protected":false},"excerpt":{"rendered":"<p>Redacci\u00f3n\/Zona Roja. Oaxaca de Ju\u00e1rez, Oax., a 2 de diciembre de 2024.- Un arma de&hellip;<\/p>\n","protected":false},"author":2,"featured_media":75071,"comment_status":"closed","ping_status":"open","sticky":false,"template":"","format":"standard","meta":{"_lmt_disableupdate":"","_lmt_disable":"","_jetpack_memberships_contains_paid_content":false,"footnotes":""},"categories":[109,46],"tags":[820],"class_list":["post-75070","post","type-post","status-publish","format-standard","has-post-thumbnail","hentry","category-minuto-a-minuto","category-zona-blanca","tag-secretaria-de-seguridad-y-proteccion-ciudadana"],"jetpack_featured_media_url":"https:\/\/zonaroja.com.mx\/wp-content\/uploads\/2024\/12\/Arma-de-fuego-asegurada-Liverpool.jpeg","jetpack_sharing_enabled":true,"_links":{"self":[{"href":"https:\/\/zonaroja.com.mx\/index.php?rest_route=\/wp\/v2\/posts\/75070","targetHints":{"allow":["GET"]}}],"collection":[{"href":"https:\/\/zonaroja.com.mx\/index.php?rest_route=\/wp\/v2\/posts"}],"about":[{"href":"https:\/\/zonaroja.com.mx\/index.php?rest_route=\/wp\/v2\/types\/post"}],"author":[{"embeddable":true,"href":"https:\/\/zonaroja.com.mx\/index.php?rest_route=\/wp\/v2\/users\/2"}],"replies":[{"embeddable":true,"href":"https:\/\/zonaroja.com.mx\/index.php?rest_route=%2Fwp%2Fv2%2Fcomments&post=75070"}],"version-history":[{"count":1,"href":"https:\/\/zonaroja.com.mx\/index.php?rest_route=\/wp\/v2\/posts\/75070\/revisions"}],"predecessor-version":[{"id":75072,"href":"https:\/\/zonaroja.com.mx\/index.php?rest_route=\/wp\/v2\/posts\/75070\/revisions\/75072"}],"wp:featuredmedia":[{"embeddable":true,"href":"https:\/\/zonaroja.com.mx\/index.php?rest_route=\/wp\/v2\/media\/75071"}],"wp:attachment":[{"href":"https:\/\/zonaroja.com.mx\/index.php?rest_route=%2Fwp%2Fv2%2Fmedia&parent=75070"}],"wp:term":[{"taxonomy":"category","embeddable":true,"href":"https:\/\/zonaroja.com.mx\/index.php?rest_route=%2Fwp%2Fv2%2Fcategories&post=75070"},{"taxonomy":"post_tag","embeddable":true,"href":"https:\/\/zonaroja.com.mx\/index.php?rest_route=%2Fwp%2Fv2%2Ftags&post=75070"}],"curies":[{"name":"wp","href":"https:\/\/api.w.org\/{rel}","templated":true}]}}