{"id":75073,"date":"2024-12-02T08:08:25","date_gmt":"2024-12-02T14:08:25","guid":{"rendered":"https:\/\/zonaroja.com.mx\/?p=75073"},"modified":"2024-12-02T08:08:28","modified_gmt":"2024-12-02T14:08:28","slug":"se-declara-la-seccion-22-del-snte-en-alerta-maxima-por-fiscalizacion-de-escuelas","status":"publish","type":"post","link":"https:\/\/zonaroja.com.mx\/?p=75073","title":{"rendered":"Se declara la Secci\u00f3n 22 del SNTE en alerta m\u00e1xima\u2026 por fiscalizaci\u00f3n de escuelas"},"content":{"rendered":"\n<p>Ismael Garc\u00eda M.\/Zona Roja.<\/p>\n\n\n\n<p>Oaxaca de Ju\u00e1rez, Oax., a 2 de diciembre de 2024.- Como parte de los acuerdos de la Asamblea Estatal, la Secci\u00f3n 22 del Sindicato Nacional de Trabajadores de la Educaci\u00f3n se declar\u00f3 en alerta m\u00e1xima, para impedir la fiscalizaci\u00f3n de las escuelas p\u00fablicas.<\/p>\n\n\n\n<p>Este domingo, la Secretar\u00eda T\u00e9cnica del Comit\u00e9 Ejecutivo Secci\u00f3nale emiti\u00f3 un documento dirigido a supervisores, secretarios generales y directores de planteles educativos, para advertir que, sin previo aviso, la Auditor\u00eda Superior de la Federaci\u00f3n pretende iniciar la revisi\u00f3n y revisi\u00f3n de la cuenta p\u00fablica federal \u201cen algunas escuelas de nuestra gloriosa Secci\u00f3n 22, a partir de un sorteo\u201d.<\/p>\n\n\n\n<p>Ante ello, exhorto a las subcomisiones mixtas y a los docentes de todas las escuelas \u201ca mantenerse en alerta m\u00e1xima y no permitir la entrada de los auditores a las instituciones educativas, ya que hacerlo no solo vulnera la estabilidad laboral y dignidad del magisterio oaxaque\u00f1o, sino que adem\u00e1s abre la puerta a represalias administrativas y pol\u00edticas que afectan directamente la autonom\u00eda de nuestras escuelas y los derechos de nuestros agremiados\u00bb.<\/p>\n\n\n\n<p>\u201cRechazamos cualquier intento de intimidaci\u00f3n o coerci\u00f3n, que busque imponer sanciones o condiciones en perjuicio de los trabajadores de la educaci\u00f3n. Reafirmamos que nos encontramos en resistencia administrativa como parte de nuestro plan t\u00e1ctico y estrat\u00e9gico de lucha, en defensa de los derechos laborales y educativos que nos asisten\u201d.<\/p>\n\n\n\n<p>En el documento firmado por el secretario T\u00e9cnico, Eutiquio Ruiz Reyes, se hace un \u201cllamado en\u00e9rgico a la Auditor\u00eda Superior de la Federaci\u00f3n a cesar sus actos de intromisi\u00f3n en las escuelas de la Secci\u00f3n 22, bajo el entendido de que el respeto a nuestros derechos laborales es innegociable\u201d.<\/p>\n\n\n\n<p>Insisti\u00f3 en su convocatoria a los integrantes del magisterio oaxaque\u00f1o a mantenerse organizados y firmes en la defensa de sus derechos, \u201cdemostrando que la fuerza y la unidad del magisterio son nuestra principal herramienta para contrarrestar estas acciones coercitivas.&nbsp;<\/p>\n\n\n\n<p>\u201cLa resistencia administrativa es nuestro derecho y nuestra respuesta ante cualquier intento de vulneraci\u00f3n de nuestra dignidad y estabilidad\u201d.<\/p>\n","protected":false},"excerpt":{"rendered":"<p>Ismael Garc\u00eda M.\/Zona Roja. Oaxaca de Ju\u00e1rez, Oax., a 2 de diciembre de 2024.- Como&hellip;<\/p>\n","protected":false},"author":2,"featured_media":75074,"comment_status":"closed","ping_status":"open","sticky":false,"template":"","format":"standard","meta":{"_lmt_disableupdate":"","_lmt_disable":"","_jetpack_memberships_contains_paid_content":false,"footnotes":""},"categories":[109,47],"tags":[312],"class_list":["post-75073","post","type-post","status-publish","format-standard","has-post-thumbnail","hentry","category-minuto-a-minuto","category-zona-gris","tag-seccion-22-del-snte"],"jetpack_featured_media_url":"https:\/\/zonaroja.com.mx\/wp-content\/uploads\/2024\/12\/Alerta-fiscalizacion-Seccion-22.jpg","jetpack_sharing_enabled":true,"_links":{"self":[{"href":"https:\/\/zonaroja.com.mx\/index.php?rest_route=\/wp\/v2\/posts\/75073","targetHints":{"allow":["GET"]}}],"collection":[{"href":"https:\/\/zonaroja.com.mx\/index.php?rest_route=\/wp\/v2\/posts"}],"about":[{"href":"https:\/\/zonaroja.com.mx\/index.php?rest_route=\/wp\/v2\/types\/post"}],"author":[{"embeddable":true,"href":"https:\/\/zonaroja.com.mx\/index.php?rest_route=\/wp\/v2\/users\/2"}],"replies":[{"embeddable":true,"href":"https:\/\/zonaroja.com.mx\/index.php?rest_route=%2Fwp%2Fv2%2Fcomments&post=75073"}],"version-history":[{"count":1,"href":"https:\/\/zonaroja.com.mx\/index.php?rest_route=\/wp\/v2\/posts\/75073\/revisions"}],"predecessor-version":[{"id":75075,"href":"https:\/\/zonaroja.com.mx\/index.php?rest_route=\/wp\/v2\/posts\/75073\/revisions\/75075"}],"wp:featuredmedia":[{"embeddable":true,"href":"https:\/\/zonaroja.com.mx\/index.php?rest_route=\/wp\/v2\/media\/75074"}],"wp:attachment":[{"href":"https:\/\/zonaroja.com.mx\/index.php?rest_route=%2Fwp%2Fv2%2Fmedia&parent=75073"}],"wp:term":[{"taxonomy":"category","embeddable":true,"href":"https:\/\/zonaroja.com.mx\/index.php?rest_route=%2Fwp%2Fv2%2Fcategories&post=75073"},{"taxonomy":"post_tag","embeddable":true,"href":"https:\/\/zonaroja.com.mx\/index.php?rest_route=%2Fwp%2Fv2%2Ftags&post=75073"}],"curies":[{"name":"wp","href":"https:\/\/api.w.org\/{rel}","templated":true}]}}