{"id":75079,"date":"2024-12-02T11:23:00","date_gmt":"2024-12-02T17:23:00","guid":{"rendered":"https:\/\/zonaroja.com.mx\/?p=75079"},"modified":"2024-12-02T08:24:22","modified_gmt":"2024-12-02T14:24:22","slug":"instalaran-en-senado-comision-del-corredor-interoceanico","status":"publish","type":"post","link":"https:\/\/zonaroja.com.mx\/?p=75079","title":{"rendered":"Instalar\u00e1n en Senado Comisi\u00f3n del Corredor Interoce\u00e1nico"},"content":{"rendered":"\n<p>Raymundo Morales\/Zona Roja Cdmx.<\/p>\n\n\n\n<p>Ciudad de M\u00e9xico, a 2 de diciembre de 2024.- El Senado de la Rep\u00fablica instalar\u00e1 esta semana la Comisi\u00f3n Especial de Seguimiento e Impulso al Corredor Interoce\u00e1nico del Istmo de Tehuantepec, que ser\u00e1 el proyecto m\u00e1s destacado del sexenio en el sureste del pa\u00eds al estar ubicado en el top de los 10 desarrollos m\u00e1s importantes a nivel mundial, confirm\u00f3 su presidente Antonino Morales Toledo.<\/p>\n\n\n\n<p>El legislador Antonio Morales Toledo subray\u00f3 que el Senado est\u00e1 comprometido con el desarrollo del pa\u00eds y esta comisi\u00f3n cobra relevancia por la coyuntura que atraviesa el pa\u00eds en el entorno internacional y con sus vecinos comerciales, pues el Corredor Interoce\u00e1nico representa un centro estrat\u00e9gico multiescala para Am\u00e9rica, Europa y Asia.<\/p>\n\n\n\n<p>De entrada, mencion\u00f3, beneficiar\u00e1 de manera directa a 2.5 millones de habitantes de Oaxaca y Veracruz donde la poblaci\u00f3n fue marginada durante a\u00f1os y estuvo sumida en la pobreza y el olvido.<\/p>\n\n\n\n<p>\u201cTodas las comunidades ser\u00e1n integradas y nuestros pueblos ind\u00edgenas y afromexicanos de la zona del Istmo recibir\u00e1n el beneficio de este proyecto que est\u00e1 considerado entre los diez m\u00e1s importantes del mundo porque unir\u00e1, por fin, los oc\u00e9anos Pac\u00edfico y Atl\u00e1ntico en trayectos con mucha mayor rapidez a los que hoy se realizan a trav\u00e9s del Canal de Panam\u00e1\u201d.<\/p>\n\n\n\n<p>El presidente de esta comisi\u00f3n inform\u00f3 que el martes a las nueve de la ma\u00f1ana se instalar\u00e1 la Comisi\u00f3n, con la asistencia de funcionarios de diversas dependencias federales, para exponer los avances del proyecto m\u00e1s ambicioso del Sureste del pa\u00eds de este sexenio.<\/p>\n\n\n\n<p>En la exposici\u00f3n de motivos de la creaci\u00f3n de esta comisi\u00f3n, se menciona que esta comisi\u00f3n podr\u00e1 hacer un monitoreo exhaustivo y, en gran medida, dar seguimiento a la adecuada coordinaci\u00f3n entre las distintas instancias gubernamentales, as\u00ed como de la participaci\u00f3n activa y el consenso de las comunidades.<\/p>\n\n\n\n<p>\u201cEl Senado, a trav\u00e9s de su comisi\u00f3n especial, puede jugar un rol clave en la articulaci\u00f3n de estos esfuerzos, asegurando que el proyecto avance de manera ordenada, transparente y con resultados tangibles para la poblaci\u00f3n\u201d, establece el Acuerdo de creaci\u00f3n.<\/p>\n","protected":false},"excerpt":{"rendered":"<p>Raymundo Morales\/Zona Roja Cdmx. Ciudad de M\u00e9xico, a 2 de diciembre de 2024.- El Senado&hellip;<\/p>\n","protected":false},"author":2,"featured_media":72308,"comment_status":"closed","ping_status":"open","sticky":false,"template":"","format":"standard","meta":{"_lmt_disableupdate":"","_lmt_disable":"","_jetpack_memberships_contains_paid_content":false,"footnotes":""},"categories":[109,46],"tags":[180],"class_list":["post-75079","post","type-post","status-publish","format-standard","has-post-thumbnail","hentry","category-minuto-a-minuto","category-zona-blanca","tag-antonino-morales-toledo"],"jetpack_featured_media_url":"https:\/\/zonaroja.com.mx\/wp-content\/uploads\/2024\/09\/Corredor-Interoceanico.jpeg","jetpack_sharing_enabled":true,"_links":{"self":[{"href":"https:\/\/zonaroja.com.mx\/index.php?rest_route=\/wp\/v2\/posts\/75079","targetHints":{"allow":["GET"]}}],"collection":[{"href":"https:\/\/zonaroja.com.mx\/index.php?rest_route=\/wp\/v2\/posts"}],"about":[{"href":"https:\/\/zonaroja.com.mx\/index.php?rest_route=\/wp\/v2\/types\/post"}],"author":[{"embeddable":true,"href":"https:\/\/zonaroja.com.mx\/index.php?rest_route=\/wp\/v2\/users\/2"}],"replies":[{"embeddable":true,"href":"https:\/\/zonaroja.com.mx\/index.php?rest_route=%2Fwp%2Fv2%2Fcomments&post=75079"}],"version-history":[{"count":1,"href":"https:\/\/zonaroja.com.mx\/index.php?rest_route=\/wp\/v2\/posts\/75079\/revisions"}],"predecessor-version":[{"id":75080,"href":"https:\/\/zonaroja.com.mx\/index.php?rest_route=\/wp\/v2\/posts\/75079\/revisions\/75080"}],"wp:featuredmedia":[{"embeddable":true,"href":"https:\/\/zonaroja.com.mx\/index.php?rest_route=\/wp\/v2\/media\/72308"}],"wp:attachment":[{"href":"https:\/\/zonaroja.com.mx\/index.php?rest_route=%2Fwp%2Fv2%2Fmedia&parent=75079"}],"wp:term":[{"taxonomy":"category","embeddable":true,"href":"https:\/\/zonaroja.com.mx\/index.php?rest_route=%2Fwp%2Fv2%2Fcategories&post=75079"},{"taxonomy":"post_tag","embeddable":true,"href":"https:\/\/zonaroja.com.mx\/index.php?rest_route=%2Fwp%2Fv2%2Ftags&post=75079"}],"curies":[{"name":"wp","href":"https:\/\/api.w.org\/{rel}","templated":true}]}}