{"id":7509,"date":"2020-01-10T14:22:53","date_gmt":"2020-01-10T20:22:53","guid":{"rendered":"https:\/\/www.zonaroja.com.mx\/?p=7509"},"modified":"2020-01-10T14:22:56","modified_gmt":"2020-01-10T20:22:56","slug":"por-muerte-de-bebe-denuncian-violencia-obstetrica-en-hospital-de-tuxtepec","status":"publish","type":"post","link":"https:\/\/zonaroja.com.mx\/?p=7509","title":{"rendered":"Por muerte de beb\u00e9, denuncian violencia obst\u00e9trica en Hospital de Tuxtepec"},"content":{"rendered":"\n<p>Yuridiana Sosa\/Zona Roja.<\/p>\n\n\n\n<p>San Juan Bautista Tuxtepec, Oax., 10 de enero de 2020.- Por tard\u00eda atenci\u00f3n para el parto y omisi\u00f3n de observaciones m\u00e9dicas de otro centro de salud, el padre de un beb\u00e9 que naci\u00f3 muerto denunci\u00f3 la negligencia m\u00e9dica del personal del Hospital General de Tuxtepec, perteneciente a los Servicios de Salud de Oaxaca (SSO).<\/p>\n\n\n\n<p>A trav\u00e9s de un video difundido en redes sociales, el se\u00f1or Francisco, esposo de la futura joven madre de 25 a\u00f1os de edad, con 40 semanas de gestaci\u00f3n, se\u00f1al\u00f3 que tardaron cerca de siete horas para dar atenci\u00f3n urgente al parto, a pesar de presentar molestias desde su llegada al nosocomio.<\/p>\n\n\n\n<p>La mujer, dijo, lleg\u00f3 a las 06:00 horas del martes; en su archivo m\u00e9dico contaba con una hoja del Centro de Salud \u201cLoma Alta\u201d de Tuxtepec, que suger\u00eda la pr\u00e1ctica de una ces\u00e1rea.<\/p>\n\n\n\n<p>La joven fue atendida con urgencia al presentar un sangrado abundante, sin embargo, ya hab\u00edan transcurrido varias horas de permanecer \u00fanicamente en observaci\u00f3n, con l\u00edquido que flu\u00eda de su vientre y sin supuesta dilataci\u00f3n para dar a luz -seg\u00fan los m\u00e9dicos-, agreg\u00f3 don Francisco.<\/p>\n\n\n\n<p>Ante la emergencia, la mujer fue intervenida en el quir\u00f3fano cerca de las 13:00 horas, pero el beb\u00e9 ya no presentaba signos vitales.<\/p>\n\n\n\n<p>El esposo de la joven mujer apunt\u00f3 que presentar\u00e1 las denuncias correspondientes para que haya justicia en el caso, as\u00ed como para demandar atenciones m\u00e9dicas eficientes para las mujeres embarazadas.<\/p>\n\n\n\n<p><strong>LA VERSI\u00d3N OFICIAL <\/strong><\/p>\n\n\n\n<p>El director del Hospital General, Iv\u00e1n \u00c1valos Flores, reconoci\u00f3 el caso, pero indic\u00f3 que hasta este jueves no exist\u00eda denuncia formal ante la direcci\u00f3n del nosocomio por ese caso.<\/p>\n\n\n\n<p>\u201cHab\u00eda una emergencia real en la que el paciente pod\u00eda perder la vida\u201c, refiri\u00f3 el m\u00e9dico ante la saturaci\u00f3n de los quir\u00f3fanos en el nosocomio, motivo por el cual se atras\u00f3 la atenci\u00f3n de la futura madre.<\/p>\n\n\n\n<p>\u00c1valos Flores enfatiz\u00f3 que la paciente se mantuvo en evaluaciones m\u00e9dicas por parte del personal, pero tambi\u00e9n en este aspecto, el d\u00e9ficit de m\u00e9dicos y enfermeras complicas la inmediatez en el servicio.<\/p>\n\n\n\n<p>\u201cEstamos sobresaturados, estamos sobrepasados\u201d, asever\u00f3 el director ante el lamentable hecho.Pues el Hospital General es el \u00fanico en su tipo la regi\u00f3n de la Cuenca del Papaloapan, donde adem\u00e1s de los pacientes de los centros de salud pertenecientes a los SSO, tambi\u00e9n atienden algunas vinculaciones de municipios cercanos del estado de Veracruz.<\/p>\n\n\n\n<p>Este caso, es el primero del a\u00f1o 2020 para el hospital, en relaci\u00f3n a una denuncia por negligencia m\u00e9dica, pues en a\u00f1os anteriores tambi\u00e9n se han registrado casos de violencia obst\u00e9trica y muerte maternas.<br><\/p>\n","protected":false},"excerpt":{"rendered":"<p>Yuridiana Sosa\/Zona Roja. San Juan Bautista Tuxtepec, Oax., 10 de enero de 2020.- Por tard\u00eda&hellip;<\/p>\n","protected":false},"author":2,"featured_media":7508,"comment_status":"closed","ping_status":"open","sticky":false,"template":"","format":"standard","meta":{"_lmt_disableupdate":"","_lmt_disable":"","_jetpack_memberships_contains_paid_content":false,"footnotes":""},"categories":[109,47],"tags":[1260],"class_list":["post-7509","post","type-post","status-publish","format-standard","has-post-thumbnail","hentry","category-minuto-a-minuto","category-zona-gris","tag-hospital-general-de-tuxtepec"],"jetpack_featured_media_url":"https:\/\/zonaroja.com.mx\/wp-content\/uploads\/2020\/01\/fee27163-bf9f-4b98-be59-48e69423d651.jpg","jetpack_sharing_enabled":true,"_links":{"self":[{"href":"https:\/\/zonaroja.com.mx\/index.php?rest_route=\/wp\/v2\/posts\/7509","targetHints":{"allow":["GET"]}}],"collection":[{"href":"https:\/\/zonaroja.com.mx\/index.php?rest_route=\/wp\/v2\/posts"}],"about":[{"href":"https:\/\/zonaroja.com.mx\/index.php?rest_route=\/wp\/v2\/types\/post"}],"author":[{"embeddable":true,"href":"https:\/\/zonaroja.com.mx\/index.php?rest_route=\/wp\/v2\/users\/2"}],"replies":[{"embeddable":true,"href":"https:\/\/zonaroja.com.mx\/index.php?rest_route=%2Fwp%2Fv2%2Fcomments&post=7509"}],"version-history":[{"count":1,"href":"https:\/\/zonaroja.com.mx\/index.php?rest_route=\/wp\/v2\/posts\/7509\/revisions"}],"predecessor-version":[{"id":7510,"href":"https:\/\/zonaroja.com.mx\/index.php?rest_route=\/wp\/v2\/posts\/7509\/revisions\/7510"}],"wp:featuredmedia":[{"embeddable":true,"href":"https:\/\/zonaroja.com.mx\/index.php?rest_route=\/wp\/v2\/media\/7508"}],"wp:attachment":[{"href":"https:\/\/zonaroja.com.mx\/index.php?rest_route=%2Fwp%2Fv2%2Fmedia&parent=7509"}],"wp:term":[{"taxonomy":"category","embeddable":true,"href":"https:\/\/zonaroja.com.mx\/index.php?rest_route=%2Fwp%2Fv2%2Fcategories&post=7509"},{"taxonomy":"post_tag","embeddable":true,"href":"https:\/\/zonaroja.com.mx\/index.php?rest_route=%2Fwp%2Fv2%2Ftags&post=7509"}],"curies":[{"name":"wp","href":"https:\/\/api.w.org\/{rel}","templated":true}]}}