{"id":75092,"date":"2024-12-02T15:56:42","date_gmt":"2024-12-02T21:56:42","guid":{"rendered":"https:\/\/zonaroja.com.mx\/?p=75092"},"modified":"2024-12-02T15:56:44","modified_gmt":"2024-12-02T21:56:44","slug":"hijo-de-presidenta-municipal-del-pri-uno-de-los-ejecutados-en-juchitan","status":"publish","type":"post","link":"https:\/\/zonaroja.com.mx\/?p=75092","title":{"rendered":"Hijo de presidenta municipal del PRI, uno de los ejecutados en Juchit\u00e1n"},"content":{"rendered":"\n<p>Raymundo Morales\/Zona Roja.<\/p>\n\n\n\n<p>Oaxaca de Ju\u00e1rez, Oax., a 2 de diciembre de 2024.- Uno de los dos individuos asesinados a balazos ayer por la tarde en Juchit\u00e1n de Zaragoza es hijo de la dirigente municipal del PRI.<\/p>\n\n\n\n<p>Ello lo revel\u00f3 el presidente del comit\u00e9 estatal del Partido Revolucionario Institucional, Javier Casique, quien exigi\u00f3 justicia por el homicidio perpetrado en el fraccionamiento La Planta.<\/p>\n\n\n\n<p>En el lugar perdi\u00f3 la vida Alejandro S., de 30 a\u00f1os de edad, mientras que Julio M. R., de 40 a\u00f1os de edad, muri\u00f3 en un hospital, donde recib\u00eda atenci\u00f3n m\u00e9dica.<\/p>\n\n\n\n<p>\u201cCondenamos el asesinato de Julio M. R., hijo de nuestra compa\u00f1era Elizabeth Rasgado Celaya, presidenta del comit\u00e9 municipal en Juchit\u00e1n.<\/p>\n\n\n\n<p>\u201cNos duele profundamente esta p\u00e9rdida. Exigimos justicia: que los responsables sean castigados y que la violencia no siga arrebat\u00e1ndonos la paz. Oaxaca merece vivir sin miedo\u201d, poste Casique, con ra\u00edces en Ciudad Ixtepec.<\/p>\n\n\n\n<p>Durante el fin de semana, tres personas fueron ejecutadas en Juchit\u00e1n, todos en el fraccionamiento La Planta y hasta el momento la autoridad municipal, que encabeza el morenista Miguel S\u00e1nchez Altamirano, no ha reforzado la seguridad ni se ha pronunciado al respecto.<\/p>\n","protected":false},"excerpt":{"rendered":"<p>Raymundo Morales\/Zona Roja. Oaxaca de Ju\u00e1rez, Oax., a 2 de diciembre de 2024.- Uno de&hellip;<\/p>\n","protected":false},"author":2,"featured_media":75068,"comment_status":"closed","ping_status":"open","sticky":false,"template":"","format":"standard","meta":{"_lmt_disableupdate":"","_lmt_disable":"","_jetpack_memberships_contains_paid_content":false,"footnotes":""},"categories":[109,47],"tags":[297],"class_list":["post-75092","post","type-post","status-publish","format-standard","has-post-thumbnail","hentry","category-minuto-a-minuto","category-zona-gris","tag-ejecutado-juchitan"],"jetpack_featured_media_url":"https:\/\/zonaroja.com.mx\/wp-content\/uploads\/2024\/12\/Asesinado-en-Juchitan.jpg","jetpack_sharing_enabled":true,"_links":{"self":[{"href":"https:\/\/zonaroja.com.mx\/index.php?rest_route=\/wp\/v2\/posts\/75092","targetHints":{"allow":["GET"]}}],"collection":[{"href":"https:\/\/zonaroja.com.mx\/index.php?rest_route=\/wp\/v2\/posts"}],"about":[{"href":"https:\/\/zonaroja.com.mx\/index.php?rest_route=\/wp\/v2\/types\/post"}],"author":[{"embeddable":true,"href":"https:\/\/zonaroja.com.mx\/index.php?rest_route=\/wp\/v2\/users\/2"}],"replies":[{"embeddable":true,"href":"https:\/\/zonaroja.com.mx\/index.php?rest_route=%2Fwp%2Fv2%2Fcomments&post=75092"}],"version-history":[{"count":1,"href":"https:\/\/zonaroja.com.mx\/index.php?rest_route=\/wp\/v2\/posts\/75092\/revisions"}],"predecessor-version":[{"id":75093,"href":"https:\/\/zonaroja.com.mx\/index.php?rest_route=\/wp\/v2\/posts\/75092\/revisions\/75093"}],"wp:featuredmedia":[{"embeddable":true,"href":"https:\/\/zonaroja.com.mx\/index.php?rest_route=\/wp\/v2\/media\/75068"}],"wp:attachment":[{"href":"https:\/\/zonaroja.com.mx\/index.php?rest_route=%2Fwp%2Fv2%2Fmedia&parent=75092"}],"wp:term":[{"taxonomy":"category","embeddable":true,"href":"https:\/\/zonaroja.com.mx\/index.php?rest_route=%2Fwp%2Fv2%2Fcategories&post=75092"},{"taxonomy":"post_tag","embeddable":true,"href":"https:\/\/zonaroja.com.mx\/index.php?rest_route=%2Fwp%2Fv2%2Ftags&post=75092"}],"curies":[{"name":"wp","href":"https:\/\/api.w.org\/{rel}","templated":true}]}}