{"id":75099,"date":"2024-12-02T19:53:05","date_gmt":"2024-12-03T01:53:05","guid":{"rendered":"https:\/\/zonaroja.com.mx\/?p=75099"},"modified":"2024-12-02T19:53:07","modified_gmt":"2024-12-03T01:53:07","slug":"atacan-a-balazos-a-una-periodista-en-nuevo-leon","status":"publish","type":"post","link":"https:\/\/zonaroja.com.mx\/?p=75099","title":{"rendered":"Atacan a balazos a una periodista en Nuevo Le\u00f3n"},"content":{"rendered":"\n<p>Redacci\u00f3n\/Zona Roja Cdmx.<\/p>\n\n\n\n<p>Ciudad de M\u00e9xico, a 2 de diciembre de 2024.- Durante la tarde del pasado domingo 1 de diciembre, la comunicadora Victoria Montserrat Garc\u00eda sufri\u00f3 un ataque armado cuando se desplazaba a bordo de su camioneta en el municipio de Montemorelos, Nuevo Le\u00f3n. Al respecto, la red de periodistas del noreste se pronunci\u00f3 para condenar el atentado y pidi\u00f3 a las autoridades del estado frenar la violencia e impunidad contra la prensa.<\/p>\n\n\n\n<p>A trav\u00e9s de un comunicado en su cuenta de la red social X, antes Twitter, la periodista Liliana El\u00f3segui, dio a conocer el comunicado signado por la organizaci\u00f3n de la que forma parte. En el texto, confirmaron que la v\u00edctima del ataque se encuentra fuera de peligro luego de haber sido herida con arma de fuego e hicieron un llamado a garantizar la seguridad de periodistas.<\/p>\n\n\n\n<p>\u201cLa Red de Periodistas del Noreste expresa la condena y la solidaridad de la organizaci\u00f3n con la periodista agredida. Lamentablemente seguimos viendo, con indignaci\u00f3n y en estado de indefensi\u00f3n, c\u00f3mo se normaliza el avance de la violencia contra la prensa en todo el territorio mexicano. Este \u00faltimo ataque en Montemorelos es otro ejemplo\u201d, se lee en el documento.<\/p>\n\n\n\n<p>De acuerdo con la informaci\u00f3n disponible, la periodista de 32 a\u00f1os termin\u00f3 de cubrir el encendido de un pino navide\u00f1o en el hotel Best Western para el medio Marmat Noticias, donde tambi\u00e9n labora su esposo Ricardo Mart\u00ednez Tijerina. Luego de su participaci\u00f3n, abandon\u00f3 el lugar cuando fue atacada con armas de fuego alrededor de las 19:00 horas del domingo 1 de diciembre.<\/p>\n\n\n\n<p>El saldo del ataque fue la lesi\u00f3n de la comunicadora, quien condujo herida hasta que logr\u00f3 llegar a un destacamento de la polic\u00eda ministerial en Montemorelos para pedir ayuda. Fue ah\u00ed cuando recibi\u00f3 atenci\u00f3n de especialistas y trasladada a un hospital para la atenci\u00f3n de sus lesiones en un brazo. Horas despu\u00e9s fue reportada como fuera de peligro.<\/p>\n\n\n\n<p>El veh\u00edculo de la comunicadora, el cual present\u00f3 un impacto de bala en el parabrisas y uno m\u00e1s en el cofre, fue resguardado en las instalaciones de la polic\u00eda ministerial.<\/p>\n\n\n\n<p>En otra parte del comunicado, la Redo de periodistas del noreste exhort\u00f3 a las autoridades estatales y federales \u201ca cumplir con su responsabilidad acorde al marco de su competencia; integrar una investigaci\u00f3n con perspectiva de g\u00e9nero y tomando en cuenta su labor period\u00edstica; brindar la protecci\u00f3n necesaria para salvaguardar su integridad f\u00edsica, as\u00ed como la de su familia; identificar a los responsables materiales e intelectuales de estos hechos de violencia, aplicar las sanciones correspondientes a fin de que no queden en la impunidad; y legislar a favor del ejercicio pleno del periodismo y la libertad de prensa\u201d.<\/p>\n\n\n\n<p>(Informaci\u00f3n de Infobae M\u00e9xico)<\/p>\n","protected":false},"excerpt":{"rendered":"<p>Redacci\u00f3n\/Zona Roja Cdmx. Ciudad de M\u00e9xico, a 2 de diciembre de 2024.- Durante la tarde&hellip;<\/p>\n","protected":false},"author":2,"featured_media":75100,"comment_status":"closed","ping_status":"open","sticky":false,"template":"","format":"standard","meta":{"_lmt_disableupdate":"","_lmt_disable":"","_jetpack_memberships_contains_paid_content":false,"footnotes":""},"categories":[109,47],"tags":[3554],"class_list":["post-75099","post","type-post","status-publish","format-standard","has-post-thumbnail","hentry","category-minuto-a-minuto","category-zona-gris","tag-agresion-a-periodistas-en-mexico"],"jetpack_featured_media_url":"https:\/\/zonaroja.com.mx\/wp-content\/uploads\/2024\/12\/Periodista-atacada-a-balazos-Montemorelos-Nuevo-Leon.jpg.avif","jetpack_sharing_enabled":true,"_links":{"self":[{"href":"https:\/\/zonaroja.com.mx\/index.php?rest_route=\/wp\/v2\/posts\/75099","targetHints":{"allow":["GET"]}}],"collection":[{"href":"https:\/\/zonaroja.com.mx\/index.php?rest_route=\/wp\/v2\/posts"}],"about":[{"href":"https:\/\/zonaroja.com.mx\/index.php?rest_route=\/wp\/v2\/types\/post"}],"author":[{"embeddable":true,"href":"https:\/\/zonaroja.com.mx\/index.php?rest_route=\/wp\/v2\/users\/2"}],"replies":[{"embeddable":true,"href":"https:\/\/zonaroja.com.mx\/index.php?rest_route=%2Fwp%2Fv2%2Fcomments&post=75099"}],"version-history":[{"count":1,"href":"https:\/\/zonaroja.com.mx\/index.php?rest_route=\/wp\/v2\/posts\/75099\/revisions"}],"predecessor-version":[{"id":75101,"href":"https:\/\/zonaroja.com.mx\/index.php?rest_route=\/wp\/v2\/posts\/75099\/revisions\/75101"}],"wp:featuredmedia":[{"embeddable":true,"href":"https:\/\/zonaroja.com.mx\/index.php?rest_route=\/wp\/v2\/media\/75100"}],"wp:attachment":[{"href":"https:\/\/zonaroja.com.mx\/index.php?rest_route=%2Fwp%2Fv2%2Fmedia&parent=75099"}],"wp:term":[{"taxonomy":"category","embeddable":true,"href":"https:\/\/zonaroja.com.mx\/index.php?rest_route=%2Fwp%2Fv2%2Fcategories&post=75099"},{"taxonomy":"post_tag","embeddable":true,"href":"https:\/\/zonaroja.com.mx\/index.php?rest_route=%2Fwp%2Fv2%2Ftags&post=75099"}],"curies":[{"name":"wp","href":"https:\/\/api.w.org\/{rel}","templated":true}]}}