{"id":75102,"date":"2024-12-02T21:13:40","date_gmt":"2024-12-03T03:13:40","guid":{"rendered":"https:\/\/zonaroja.com.mx\/?p=75102"},"modified":"2024-12-02T21:13:42","modified_gmt":"2024-12-03T03:13:42","slug":"inician-campanas-por-la-dirigencia-del-stpeidceo-arrolla-planilla-rosa","status":"publish","type":"post","link":"https:\/\/zonaroja.com.mx\/?p=75102","title":{"rendered":"Inician campa\u00f1as por la dirigencia del STPEIDCEO; arrolla Planilla Rosa"},"content":{"rendered":"\n<p>Raymundo Morales\/Zona Roja.<\/p>\n\n\n\n<p>Oaxaca de Ju\u00e1rez, Oax., a 2 de diciembre de 2024.- Con dos planillas contendientes, este lunes iniciaron las campa\u00f1as internas en busca de la dirigencia del Sindicato de Trabajadores al Servicio de los Poderes del Estado e Instituciones Descentralizadas de Car\u00e1cter Estatal de Oaxaca (STPEIDCEO).<\/p>\n\n\n\n<p>Una planilla, la Rosa, la encabeza Rodolfo Cabrera Z\u00e1rate como aspirante a secretario general del comit\u00e9 ejecutivo para el periodo 2025-2028.\u00a0<\/p>\n\n\n\n<p>La intensa jornada comenz\u00f3 ante trabajadores de la Secretar\u00eda de Fomento Agroalimentario y Desarrollo Rural (Sefaeder) y posteriormente en el complejo de Ciudad Judicial, para concluir en Ciudad Administrativa.<\/p>\n\n\n\n<p>\u201cNuestro \u00fanico compromiso es con la base trabajadora, nosotros no tenemos compromisos con gobierno. Cada uno de nosotros tiene el sentir de los compa\u00f1eros, la experiencia y profesionalismo; y la camiseta bien puesta para defender los derechos de los trabajadores\u201d, dijo en su mensaje.<\/p>\n\n\n\n<p>Pidi\u00f3 el voto de confianza a la f\u00f3rmula que encabeza, en la elecci\u00f3n de la dirigencia sindical a celebrarse este pr\u00f3ximo 10 de diciembre.<\/p>\n\n\n\n<p>Cada integrante de la planilla puntualiz\u00f3 sus propuestas bajo una sola consigna: la de defender los derechos de la base trabajadora ante los embates de la parte patronal.&nbsp;<\/p>\n\n\n\n<p>Al tiempo de refrendar su compromiso por la defensa de la autonom\u00eda sindical, la planilla se identific\u00f3 con la gente de trabajo; ex delegados, ex coordinadores, con la frente en alto para trabajar en unidad y avanzar hacia un mejor futuro para todos los trabajadores.<\/p>\n\n\n\n<p>\u201cEs muy importante que estemos unidos, el d\u00eda que violenten nuestros derechos y estemos en una situaci\u00f3n dif\u00edcil, vamos a buscar el respaldo y el apoyo de todos. Por eso les pedimos que participen y salgan a votar. Somos la fuerza verdadera del STPEIDCEO y no debemos permitir que llegue una planilla patronal\u201d, coincidieron.<\/p>\n","protected":false},"excerpt":{"rendered":"<p>Raymundo Morales\/Zona Roja. Oaxaca de Ju\u00e1rez, Oax., a 2 de diciembre de 2024.- Con dos&hellip;<\/p>\n","protected":false},"author":2,"featured_media":75103,"comment_status":"closed","ping_status":"open","sticky":false,"template":"","format":"standard","meta":{"_lmt_disableupdate":"","_lmt_disable":"","_jetpack_memberships_contains_paid_content":false,"footnotes":""},"categories":[109,46],"tags":[4120],"class_list":["post-75102","post","type-post","status-publish","format-standard","has-post-thumbnail","hentry","category-minuto-a-minuto","category-zona-blanca","tag-planilla-rosa-stpeidceo"],"jetpack_featured_media_url":"https:\/\/zonaroja.com.mx\/wp-content\/uploads\/2024\/12\/Planilla-Rosa-STPEIDCEO.jpg","jetpack_sharing_enabled":true,"_links":{"self":[{"href":"https:\/\/zonaroja.com.mx\/index.php?rest_route=\/wp\/v2\/posts\/75102","targetHints":{"allow":["GET"]}}],"collection":[{"href":"https:\/\/zonaroja.com.mx\/index.php?rest_route=\/wp\/v2\/posts"}],"about":[{"href":"https:\/\/zonaroja.com.mx\/index.php?rest_route=\/wp\/v2\/types\/post"}],"author":[{"embeddable":true,"href":"https:\/\/zonaroja.com.mx\/index.php?rest_route=\/wp\/v2\/users\/2"}],"replies":[{"embeddable":true,"href":"https:\/\/zonaroja.com.mx\/index.php?rest_route=%2Fwp%2Fv2%2Fcomments&post=75102"}],"version-history":[{"count":1,"href":"https:\/\/zonaroja.com.mx\/index.php?rest_route=\/wp\/v2\/posts\/75102\/revisions"}],"predecessor-version":[{"id":75104,"href":"https:\/\/zonaroja.com.mx\/index.php?rest_route=\/wp\/v2\/posts\/75102\/revisions\/75104"}],"wp:featuredmedia":[{"embeddable":true,"href":"https:\/\/zonaroja.com.mx\/index.php?rest_route=\/wp\/v2\/media\/75103"}],"wp:attachment":[{"href":"https:\/\/zonaroja.com.mx\/index.php?rest_route=%2Fwp%2Fv2%2Fmedia&parent=75102"}],"wp:term":[{"taxonomy":"category","embeddable":true,"href":"https:\/\/zonaroja.com.mx\/index.php?rest_route=%2Fwp%2Fv2%2Fcategories&post=75102"},{"taxonomy":"post_tag","embeddable":true,"href":"https:\/\/zonaroja.com.mx\/index.php?rest_route=%2Fwp%2Fv2%2Ftags&post=75102"}],"curies":[{"name":"wp","href":"https:\/\/api.w.org\/{rel}","templated":true}]}}