{"id":7511,"date":"2020-01-10T16:56:36","date_gmt":"2020-01-10T22:56:36","guid":{"rendered":"http:\/\/www.zonaroja.com.mx\/?p=7511"},"modified":"2020-01-10T17:06:52","modified_gmt":"2020-01-10T23:06:52","slug":"ninas-y-ninos-con-cancer-se-quedan-sin-medicamentos-en-hospital-de-oaxaca","status":"publish","type":"post","link":"https:\/\/zonaroja.com.mx\/?p=7511","title":{"rendered":"Ni\u00f1as y ni\u00f1os con c\u00e1ncer se quedan sin medicamentos en hospital de Oaxaca"},"content":{"rendered":"\n<p>Evlin Arag\u00f3n\/Zona Roja.<\/p>\n\n\n\n<p>Oaxaca de Ju\u00e1rez, Oax., 10 de enero\nde 2020.- \u201cSe\u00f1or Presidente: yo no soy del PRIAN, yo no soy una acarreada, pero\nnecesito las quimio para mi hijo, ay\u00fadennos por favor\u201d.<\/p>\n\n\n\n<p>Es la voz entrecortada, entre\nl\u00e1grimas, de Elena, madre de un menor que recibe atenci\u00f3n oncol\u00f3gica al\ninterior del Hospital de la Ni\u00f1ez Oaxaque\u00f1a \u201cDr. Guillermo Z\u00e1rate Mijangos\u201d,\ndependiente de los Servicios de Salud de Oaxaca (SSO).<\/p>\n\n\n\n<p>Este viernes, decenas de madres y\npadres de familia se reunieron en el \u00e1rea de Oncolog\u00eda para hacer evidente la\nfalta de medicamentos al interior de nosocomio, que permita al personal m\u00e9dico\natender el padecimiento de m\u00e1s de 350 ni\u00f1as y ni\u00f1as diagnosticados previamente\ncon c\u00e1ncer.<\/p>\n\n\n\n<p>\u201cQueremos dar testimonio de lo que pasa aqu\u00ed en Oaxaca, que no tenemos quimioterapias, no tenemos insumos, que estamos en una situaci\u00f3n muy cr\u00edtica; se metieron con lo m\u00e1s sagrado que tenemos que es la familia\u201d, refiere otro padre de familia afectado con los recientes cambios en la administraci\u00f3n de la salud p\u00fablica a nivel federal.<\/p>\n\n\n\n<figure class=\"wp-block-embed-twitter wp-block-embed is-type-rich is-provider-twitter\"><div class=\"wp-block-embed__wrapper\">\n<div class=\"twitter-tweet\"><blockquote class=\"twitter-tweet\" data-lang=\"es\"><p lang=\"es\" dir=\"ltr\"><a href=\"https:\/\/twitter.com\/hashtag\/OaxacaGris?src=hash&amp;ref_src=twsrc%5Etfw\">#OaxacaGris<\/a><br>M\u00e9dicos y padres de familia de enfermos denuncian falta de medicamentos en el \u00e1rea de oncolog\u00eda del Hospital de la Ni\u00f1ez Oaxaque\u00f1a, dependiente de los <a href=\"https:\/\/twitter.com\/SSO_GobOax?ref_src=twsrc%5Etfw\">@SSO_GobOax<\/a>. <a href=\"https:\/\/t.co\/Atu6Lrs8iH\">pic.twitter.com\/Atu6Lrs8iH<\/a><\/p>&mdash; Zona Roja Oaxaca (@MexRoja) <a href=\"https:\/\/twitter.com\/MexRoja\/status\/1215702272195420160?ref_src=twsrc%5Etfw\">10 de enero de 2020<\/a><\/blockquote><\/div>\n<\/div><\/figure>\n\n\n\n<p>La denuncia la hicieron a trav\u00e9s de\nlas redes sociales mediante un video con el que buscan hacer visible la grave\nproblem\u00e1tica y esperar que las autoridades realicen las acciones necesarias y\nurgentes<\/p>\n\n\n\n<p>\u201cNo podemos permitir que se est\u00e9n\nponiendo dosis incompletas a nuestros pacientes debido a la falta de insumos,\nla enfermedad de la que estamos hablando es muy perversa que puede regresar en\ncualquier momento y que nos va a costar muchas vidas\u201d, sentenci\u00f3 otro padre de\nfamilia.<\/p>\n\n\n\n<p>La manifestaci\u00f3n fue respaldada por\ntres doctoras adscritas al nosocomio, que se manifestaron en apoyo a sus\npacientes y al grupo de madres y padres de familia que se manifiestan por la\nfalta de medicamentos, mediante un video difundido en redes explicaron que como\ninstituci\u00f3n han insistido en la demanda de medicamentos necesarios para ni\u00f1as y\nni\u00f1os con enfermedades oncol\u00f3gicas<\/p>\n\n\n\n<p>\u201cHasta el momento ha sido imposible\nconseguir un proveedor que abastezca de manera continua y eficaz estos\nmedicamentos\u201d indicaron.<\/p>\n\n\n\n<p>As\u00ed mismo, expresaron que con los\ncambios de las pol\u00edticas de gobierno en materia de salud, se ha complicado la\natenci\u00f3n de las y los pacientes, ya que hasta el momento se desconoce c\u00f3mo se\nrealizaran los diferentes tratamientos al interior de la instituci\u00f3n.<\/p>\n\n\n\n<p>Por su parte el titular de los\nServicios de Salud de Oaxaca, Donato Casas Escamilla, reconoci\u00f3 la problem\u00e1tico\nque dijo no es exclusiva de la entidad, a la par que se comprometi\u00f3 a\nresarcirla a inicios de la pr\u00f3xima semana con el respaldo de las autoridades\nfederales en la materia mediante la compra consolidada de medicamentos. <\/p>\n","protected":false},"excerpt":{"rendered":"<p>Evlin Arag\u00f3n\/Zona Roja. Oaxaca de Ju\u00e1rez, Oax., 10 de enero de 2020.- \u201cSe\u00f1or Presidente: yo&hellip;<\/p>\n","protected":false},"author":2,"featured_media":7523,"comment_status":"closed","ping_status":"open","sticky":false,"template":"","format":"standard","meta":{"_lmt_disableupdate":"","_lmt_disable":"","_jetpack_memberships_contains_paid_content":false,"footnotes":""},"categories":[109,47],"tags":[1005],"class_list":["post-7511","post","type-post","status-publish","format-standard","has-post-thumbnail","hentry","category-minuto-a-minuto","category-zona-gris","tag-servicios-de-salud-de-oaxaca-sso"],"jetpack_featured_media_url":"https:\/\/zonaroja.com.mx\/wp-content\/uploads\/2020\/01\/Hospital-de-la-Ni\u00f1ez-2.jpg","jetpack_sharing_enabled":true,"_links":{"self":[{"href":"https:\/\/zonaroja.com.mx\/index.php?rest_route=\/wp\/v2\/posts\/7511","targetHints":{"allow":["GET"]}}],"collection":[{"href":"https:\/\/zonaroja.com.mx\/index.php?rest_route=\/wp\/v2\/posts"}],"about":[{"href":"https:\/\/zonaroja.com.mx\/index.php?rest_route=\/wp\/v2\/types\/post"}],"author":[{"embeddable":true,"href":"https:\/\/zonaroja.com.mx\/index.php?rest_route=\/wp\/v2\/users\/2"}],"replies":[{"embeddable":true,"href":"https:\/\/zonaroja.com.mx\/index.php?rest_route=%2Fwp%2Fv2%2Fcomments&post=7511"}],"version-history":[{"count":1,"href":"https:\/\/zonaroja.com.mx\/index.php?rest_route=\/wp\/v2\/posts\/7511\/revisions"}],"predecessor-version":[{"id":7514,"href":"https:\/\/zonaroja.com.mx\/index.php?rest_route=\/wp\/v2\/posts\/7511\/revisions\/7514"}],"wp:featuredmedia":[{"embeddable":true,"href":"https:\/\/zonaroja.com.mx\/index.php?rest_route=\/wp\/v2\/media\/7523"}],"wp:attachment":[{"href":"https:\/\/zonaroja.com.mx\/index.php?rest_route=%2Fwp%2Fv2%2Fmedia&parent=7511"}],"wp:term":[{"taxonomy":"category","embeddable":true,"href":"https:\/\/zonaroja.com.mx\/index.php?rest_route=%2Fwp%2Fv2%2Fcategories&post=7511"},{"taxonomy":"post_tag","embeddable":true,"href":"https:\/\/zonaroja.com.mx\/index.php?rest_route=%2Fwp%2Fv2%2Ftags&post=7511"}],"curies":[{"name":"wp","href":"https:\/\/api.w.org\/{rel}","templated":true}]}}