{"id":75118,"date":"2024-12-03T12:01:00","date_gmt":"2024-12-03T18:01:00","guid":{"rendered":"https:\/\/zonaroja.com.mx\/?p=75118"},"modified":"2024-12-03T07:08:35","modified_gmt":"2024-12-03T13:08:35","slug":"opinion-30-anos-perdidos","status":"publish","type":"post","link":"https:\/\/zonaroja.com.mx\/?p=75118","title":{"rendered":"Opini\u00f3n. \u00bf30 a\u00f1os perdidos?"},"content":{"rendered":"\n<p>Isidoro Yescas*<\/p>\n\n\n\n<p>Afirmar que \u201cel 70 por ciento de las investigaciones que se llevan a cabo en las universidades del pa\u00eds no conducen a nada\u201d&nbsp;y, todav\u00eda, que \u201cdurante los \u00faltimos 30 a\u00f1os no han impactado en la pol\u00edtica p\u00fablica nacional y en la soluci\u00f3n de los problemas del entorno\u201d, es&nbsp;demasiado&nbsp;aventurado&nbsp;y revela un escaso conocimiento &nbsp;sobre &nbsp;el estado que guarda la investigaci\u00f3n &nbsp;social y cient\u00edfica en M\u00e9xico&nbsp;(\u201cNoticias\u201d, 28- noviembre-2024).<\/p>\n\n\n\n<p>Una lectura literal de&nbsp;este p\u00e1rrafo y de&nbsp;todo el&nbsp;discurso&nbsp;pronunciado por&nbsp;el rector de la UABJO, Cristian&nbsp;Carre\u00f1o L\u00f3pez &nbsp;en el acto inaugural del Instituto Flores Mag\u00f3n del Congreso local de Oaxaca, necesariamente obliga a preguntarse: \u00bfen realidad&nbsp;los trabajos de investigaci\u00f3n que por d\u00e9cadas se han llevado a cabo en los centros e institutos de investigaci\u00f3n de la UNAM, del IPN y en buena parte de las universidades p\u00fablicas&nbsp;(incluyendo la UABJO)&nbsp;y privadas del pa\u00eds no han servido para nada?&nbsp;<\/p>\n\n\n\n<p>Es cierto que, aunque&nbsp;sin&nbsp;perder contacto con la realidad,&nbsp;la mayor parte de&nbsp;las investigaciones&nbsp;que se desarrollan en las instituciones de educaci\u00f3n superior no han estado ni est\u00e1n&nbsp;vinculadas&nbsp;a&nbsp;las&nbsp;pol\u00edticas p\u00fablicas&nbsp;de los gobiernos federal, estatales o municipales, pero esas ausencias se explican porque, en buena medida,&nbsp;las&nbsp;relaciones de&nbsp;cooperaci\u00f3n interinstitucional &nbsp;han&nbsp;dependido en buena en medida de factores pol\u00edtico-partidistas, de la disposici\u00f3n o indisposici\u00f3n de los gobernantes en turno&nbsp;para apoyarse en las universidades para&nbsp;dise\u00f1ar y desarrollar sus programas y proyectos&nbsp;y de la capacidad de gesti\u00f3n de&nbsp;recursos financieros de&nbsp;las autoridades universitarias.&nbsp;<\/p>\n\n\n\n<p>Adem\u00e1s, la investigaci\u00f3n&nbsp;y los (as) investigadores&nbsp;han&nbsp;enfrentado un sinf\u00edn de problemas dentro de las propias universidades&nbsp;para desarrollar sus proyectos&nbsp;que&nbsp;solamente&nbsp;a partir de la creaci\u00f3n del Conacyt&nbsp;( hoy&nbsp;Conahcyt)&nbsp;se han mitigado por diversas v\u00edas, entre estas&nbsp;con&nbsp;la creaci\u00f3n y consolidaci\u00f3n&nbsp;del Sistema Nacional de Investigadores.<\/p>\n\n\n\n<p>Un estudio realizado en el 2015&nbsp;por&nbsp;Cristina Puga y Oscar F. Contreras,&nbsp;del&nbsp;&nbsp;Consejo&nbsp;Mexicano de Ciencias Sociales (Comecso),&nbsp;titulado&nbsp;\u201cInforme sobre las&nbsp;ciencias sociales en M\u00e9xico\u201d,&nbsp;da cuenta de las dificultades para el desarrollo de la investigaci\u00f3n en nuestro pa\u00eds no obstante que de un total de 831 instituciones educativas de educaci\u00f3n superior solamente 1472 entidades acad\u00e9micas de ciencias sociales &nbsp;combinaban los programas docentes de posgrado con la investigaci\u00f3n.<\/p>\n\n\n\n<p>Lo&nbsp;anterior&nbsp;solamente por la que corresponde a las ciencias sociales, porque para una visi\u00f3n de conjunto har\u00eda falta conocer qu\u00e9 ha ocurrido con las investigaciones en el \u00e1mbito de las&nbsp;ciencias m\u00e9dicas y biol\u00f3gicas, por ejemplo.&nbsp;&nbsp;<\/p>\n\n\n\n<p>Adem\u00e1s de los estudios que se impulsan desde las universidades, existen otro tipo de investigaciones&nbsp;que se llevan a cabo a solicitud y con el cofinanciamiento de los gobiernos federal o estatales.&nbsp;<\/p>\n\n\n\n<p>Es el caso del estudio&nbsp;multidisciplinario&nbsp;sobre el corredor trans\u00edstmico&nbsp;que llev\u00f3 a cabo la UABJO y que&nbsp;el rector Cristian Carre\u00f1o&nbsp;pone de ejemplo como el nuevo modelo de investigaci\u00f3n que se debe impulsar.&nbsp;<\/p>\n\n\n\n<p>Total, que tal vez&nbsp;sus dichos y expresiones a botepronto&nbsp;habr\u00eda que recuperarlos&nbsp;para&nbsp;exponerlos&nbsp;y debatirlos&nbsp;en un recinto acad\u00e9mico, con los docentes e &nbsp;investigadores, no con&nbsp;los legisladores y legisladoras&nbsp;que as\u00ed como&nbsp;en la antepasada Legislatura&nbsp;aplaudieron la creaci\u00f3n de cuatros centros de estudios en el Congreso local, ahora&nbsp;casi todos y todas&nbsp;hicieron mutis con su virtual desaparici\u00f3n.<\/p>\n\n\n\n<p>Aqu\u00ed tambi\u00e9n vale&nbsp;la&nbsp;pena&nbsp;preguntarse:&nbsp;\u00bflos centros de estudios sobre&nbsp;g\u00e9nero, opini\u00f3n p\u00fablica, econom\u00eda y estudios &nbsp;parlamentarios los estar\u00edan desapareciendo por&nbsp;infuncionales&nbsp;y onerosos?&nbsp;\u00bfO&nbsp;ser\u00e1&nbsp;porque en la tercera \u00e9poca de Morena&nbsp;como expresi\u00f3n dominante en&nbsp;el Poder Legislativo&nbsp;local&nbsp;hay que promover cambios\u2026para que todo siga igual?<\/p>\n\n\n\n<p>A diferencia del papel que juegan los centros o institutos de investigaci\u00f3n en las universidades, en los congresos federal y locales tienen fines m\u00e1s espec\u00edficos&nbsp;y en su integraci\u00f3n&nbsp;y&nbsp;actividades&nbsp;han pesado m\u00e1s factores pol\u00edticos que acad\u00e9micos.&nbsp;<\/p>\n\n\n\n<p>No obstante, de un lado y otro el compromiso debe estar orientado, en lo general, a ofrecer respuestas y diagn\u00f3sticos que contribuyan a la toma de decisiones. Y esto \u00faltimo es&nbsp;lo que debe evaluarse para cada caso para no generalizar y hacer afirmaciones que no corresponden al estado que guarda &nbsp; la investigaci\u00f3n en nuestro pa\u00eds.<\/p>\n\n\n\n<p>ROSA(s)&nbsp;O BLANCA<\/p>\n\n\n\n<p>En la elecci\u00f3n para definir la integraci\u00f3n del&nbsp;Comit\u00e9 Ejecutivo del Sindicato de Trabajadores de los Poderes del Estado&nbsp;e Instituciones &nbsp;Descentralizadas &nbsp;de Car\u00e1cter Estatal de Oaxaca&nbsp;(STPEIDCEO)&nbsp;juegan dos fuerzas pol\u00edticas: la Planilla Rosa, alineada a los intereses de Rafael Rosas, &nbsp;l\u00edder pol\u00edtico de los bur\u00f3cratas desde hace m\u00e1s de una d\u00e9cada, y la Planilla Blanca, promovida por el gobierno primaveral y cuya cabeza visible es el secretario General, Pedro Castillejos, que hace tres a\u00f1os fuera impulsado por Rafael Rosas.&nbsp;<\/p>\n\n\n\n<p>Hoy, la Planilla&nbsp;Rosa de Rosas&nbsp;va por la continuidad de un poder sindical y pol\u00edtico en donde las siglas del PRI han predominado, en tanto que la Planilla Blanca, con todo el apoyo del aparato gubernamental, buscar\u00e1 &nbsp;la alternancia y por esa v\u00eda asegurarle a&nbsp;la camarilla gobernante&nbsp;de&nbsp;Morena el control de un importante gremio sindical que, pese a los negocios y arreglos de sus liderazgos con los gobiernos en turno, ha conservado cierta autonom\u00eda e independencia de los partidos pol\u00edticos&nbsp;y del mismo poder ejecutivo.<\/p>\n\n\n\n<p>En un escenario de un juego democr\u00e1tico y con respeto pleno a las reglas establecidas en la convocatoria, en el arranque de las campa\u00f1as los dados estar\u00edan favoreciendo a la Planilla Rosa, que asegura contar con el apoyo mayoritario de la base sindical; sin embargo, est\u00e1 por verse hasta donde el marcado inter\u00e9s gubernamental para tomar el control del STPEIDCEO convierte una elecci\u00f3n de voto libre y secreto en una elecci\u00f3n de Estado.<\/p>\n\n\n\n<p>*Maestro en Sociolog\u00eda.<\/p>\n\n\n\n<p>X: @YescasIsidoro<\/p>\n","protected":false},"excerpt":{"rendered":"<p>Isidoro Yescas* Afirmar que \u201cel 70 por ciento de las investigaciones que se llevan a&hellip;<\/p>\n","protected":false},"author":2,"featured_media":71623,"comment_status":"closed","ping_status":"open","sticky":false,"template":"","format":"standard","meta":{"_lmt_disableupdate":"","_lmt_disable":"","_jetpack_memberships_contains_paid_content":false,"footnotes":""},"categories":[456,109],"tags":[3998],"class_list":["post-75118","post","type-post","status-publish","format-standard","has-post-thumbnail","hentry","category-columna","category-minuto-a-minuto","tag-isidoro-yescas-martinez"],"jetpack_featured_media_url":"https:\/\/zonaroja.com.mx\/wp-content\/uploads\/2024\/08\/Opinion.-Isidoro-Yescas.jpg","jetpack_sharing_enabled":true,"_links":{"self":[{"href":"https:\/\/zonaroja.com.mx\/index.php?rest_route=\/wp\/v2\/posts\/75118","targetHints":{"allow":["GET"]}}],"collection":[{"href":"https:\/\/zonaroja.com.mx\/index.php?rest_route=\/wp\/v2\/posts"}],"about":[{"href":"https:\/\/zonaroja.com.mx\/index.php?rest_route=\/wp\/v2\/types\/post"}],"author":[{"embeddable":true,"href":"https:\/\/zonaroja.com.mx\/index.php?rest_route=\/wp\/v2\/users\/2"}],"replies":[{"embeddable":true,"href":"https:\/\/zonaroja.com.mx\/index.php?rest_route=%2Fwp%2Fv2%2Fcomments&post=75118"}],"version-history":[{"count":1,"href":"https:\/\/zonaroja.com.mx\/index.php?rest_route=\/wp\/v2\/posts\/75118\/revisions"}],"predecessor-version":[{"id":75119,"href":"https:\/\/zonaroja.com.mx\/index.php?rest_route=\/wp\/v2\/posts\/75118\/revisions\/75119"}],"wp:featuredmedia":[{"embeddable":true,"href":"https:\/\/zonaroja.com.mx\/index.php?rest_route=\/wp\/v2\/media\/71623"}],"wp:attachment":[{"href":"https:\/\/zonaroja.com.mx\/index.php?rest_route=%2Fwp%2Fv2%2Fmedia&parent=75118"}],"wp:term":[{"taxonomy":"category","embeddable":true,"href":"https:\/\/zonaroja.com.mx\/index.php?rest_route=%2Fwp%2Fv2%2Fcategories&post=75118"},{"taxonomy":"post_tag","embeddable":true,"href":"https:\/\/zonaroja.com.mx\/index.php?rest_route=%2Fwp%2Fv2%2Ftags&post=75118"}],"curies":[{"name":"wp","href":"https:\/\/api.w.org\/{rel}","templated":true}]}}