{"id":75126,"date":"2024-12-03T10:17:00","date_gmt":"2024-12-03T16:17:00","guid":{"rendered":"https:\/\/zonaroja.com.mx\/?p=75126"},"modified":"2024-12-03T07:21:48","modified_gmt":"2024-12-03T13:21:48","slug":"denuncia-juez-desacato-del-ine-suspenderia-elecciones-judicial","status":"publish","type":"post","link":"https:\/\/zonaroja.com.mx\/?p=75126","title":{"rendered":"Denuncia juez desacato del INE; suspender\u00eda elecciones judicial"},"content":{"rendered":"\n<p>Redacci\u00f3n\/Zona Roja Cdmx.<\/p>\n\n\n\n<p>Ciudad de M\u00e9xico, a 3 de diciembre de 2024.- El juez Segundo de Distrito en Colima, Francisco Garc\u00eda Contreras, denunci\u00f3 por desacato a 11 consejeros del Instituto Nacional Electoral (INE) y les dio un plazo de 24 horas para suspender el proceso electoral extraordinario de jueces, magistrados y ministros programado para 2025.<\/p>\n\n\n\n<p>El juez indic\u00f3 que la autoridad responsable ha sido renuente a acatar la suspensi\u00f3n que \u00e9l mismo decret\u00f3, por lo que solicit\u00f3 que se diera vista al Agente del Ministerio P\u00fablico de la Federaci\u00f3n para que se investigue un posible delito por desobedecer la suspensi\u00f3n provisional, con base al art\u00edculo 262 de la Ley de Amparo.<\/p>\n\n\n\n<p>Adem\u00e1s, solicit\u00f3 al Administrador Desconcentrado de Recaudaci\u00f3n de Ciudad de M\u00e9xico \u201c1\u201d hacer efectiva la sanci\u00f3n pecuniaria correspondiente y conforme al art\u00edculo 297, fracci\u00f3n II, del C\u00f3digo Federal de Procedimientos Civiles, debe informar a este \u00f3rgano jurisdiccional sobre su ejecuci\u00f3n en un plazo de tres d\u00edas.<\/p>\n\n\n\n<p>El juez tambi\u00e9n advirti\u00f3 que de no acatar lo ordenado se impondr\u00e1 una multa de 54 mil 285 pesos&nbsp;conforme a los art\u00edculos 237 y 259 de la Ley de Amparo.<\/p>\n\n\n\n<p>El Consejo General del INE, tras la denuncia, deber\u00e1 abstenerse de implementar el Proceso Electoral Extraordinario 2024-2025 y no podr\u00e1 emitir acuerdos relacionados con la organizaci\u00f3n, desarrollo, c\u00f3mputo, vigilancia y fiscalizaci\u00f3n de dicho proceso electoral. Asimismo, deber\u00e1n omitir acuerdos generales y espec\u00edficos necesarios para poner en marcha este plan de trabajo.<\/p>\n\n\n\n<p>(Con informaci\u00f3n de \u201cEl Universal\u201d, en L\u00f3pez-D\u00f3riga Digital)<\/p>\n","protected":false},"excerpt":{"rendered":"<p>Redacci\u00f3n\/Zona Roja Cdmx. Ciudad de M\u00e9xico, a 3 de diciembre de 2024.- El juez Segundo&hellip;<\/p>\n","protected":false},"author":2,"featured_media":67576,"comment_status":"closed","ping_status":"open","sticky":false,"template":"","format":"standard","meta":{"_lmt_disableupdate":"","_lmt_disable":"","_jetpack_memberships_contains_paid_content":false,"footnotes":""},"categories":[109,46],"tags":[],"class_list":["post-75126","post","type-post","status-publish","format-standard","has-post-thumbnail","hentry","category-minuto-a-minuto","category-zona-blanca"],"jetpack_featured_media_url":"https:\/\/zonaroja.com.mx\/wp-content\/uploads\/2024\/04\/INE-Instituto-Nacional-Electoral.jpeg","jetpack_sharing_enabled":true,"_links":{"self":[{"href":"https:\/\/zonaroja.com.mx\/index.php?rest_route=\/wp\/v2\/posts\/75126","targetHints":{"allow":["GET"]}}],"collection":[{"href":"https:\/\/zonaroja.com.mx\/index.php?rest_route=\/wp\/v2\/posts"}],"about":[{"href":"https:\/\/zonaroja.com.mx\/index.php?rest_route=\/wp\/v2\/types\/post"}],"author":[{"embeddable":true,"href":"https:\/\/zonaroja.com.mx\/index.php?rest_route=\/wp\/v2\/users\/2"}],"replies":[{"embeddable":true,"href":"https:\/\/zonaroja.com.mx\/index.php?rest_route=%2Fwp%2Fv2%2Fcomments&post=75126"}],"version-history":[{"count":1,"href":"https:\/\/zonaroja.com.mx\/index.php?rest_route=\/wp\/v2\/posts\/75126\/revisions"}],"predecessor-version":[{"id":75127,"href":"https:\/\/zonaroja.com.mx\/index.php?rest_route=\/wp\/v2\/posts\/75126\/revisions\/75127"}],"wp:featuredmedia":[{"embeddable":true,"href":"https:\/\/zonaroja.com.mx\/index.php?rest_route=\/wp\/v2\/media\/67576"}],"wp:attachment":[{"href":"https:\/\/zonaroja.com.mx\/index.php?rest_route=%2Fwp%2Fv2%2Fmedia&parent=75126"}],"wp:term":[{"taxonomy":"category","embeddable":true,"href":"https:\/\/zonaroja.com.mx\/index.php?rest_route=%2Fwp%2Fv2%2Fcategories&post=75126"},{"taxonomy":"post_tag","embeddable":true,"href":"https:\/\/zonaroja.com.mx\/index.php?rest_route=%2Fwp%2Fv2%2Ftags&post=75126"}],"curies":[{"name":"wp","href":"https:\/\/api.w.org\/{rel}","templated":true}]}}