{"id":75130,"date":"2024-12-03T19:53:03","date_gmt":"2024-12-04T01:53:03","guid":{"rendered":"https:\/\/zonaroja.com.mx\/?p=75130"},"modified":"2024-12-03T19:53:04","modified_gmt":"2024-12-04T01:53:04","slug":"confirma-a-fiscalia-asesinato-de-una-mujer-en-la-capital-de-oaxaca","status":"publish","type":"post","link":"https:\/\/zonaroja.com.mx\/?p=75130","title":{"rendered":"Confirma a Fiscal\u00eda asesinato de una mujer en la capital de Oaxaca"},"content":{"rendered":"\n<p>Raymundo Morales\/Zona Roja.<\/p>\n\n\n\n<p>Oaxaca de Ju\u00e1rez, Oax. A 3 de diciembre de 2024.- La Fiscal\u00eda General del Estado de Oaxaca (FGEO) confirm\u00f3 el asesinato de una mujer, perpetrado la madrugada de este martes en la ciudad de Oaxaca.<\/p>\n\n\n\n<p>En un comunicado, informo que cuenta con s\u00f3lidas l\u00edneas de investigaci\u00f3n que se fortalecen conforme avanzan las investigaciones en torno a la muerte violenta de una femenina.<\/p>\n\n\n\n<p>Indic\u00f3 que, luego de tener el reporte de los hechos, la FGEO activ\u00f3 el Protocolo de Actuaci\u00f3n Ministerial, Pericial y Policial en el Delito de Feminicidio, a trav\u00e9s de la Fiscal\u00eda Especializada para la Atenci\u00f3n a Delitos de Alto Impacto, por ello, despleg\u00f3 un equipo interdisciplinario y especializado que permita realizar las investigaciones bajo los m\u00e1s altos est\u00e1ndares y con perspectiva de g\u00e9nero.<\/p>\n\n\n\n<p>Derivado de los trabajos periciales y forenses realizados en el sitio donde ocurri\u00f3 el delito se recabaron indicios, adem\u00e1s de realizarse entrevistas que robustecen las l\u00edneas de investigaci\u00f3n al respecto, a estos actos de investigaci\u00f3n se suman los trabajos de an\u00e1lisis y contexto, para saber en d\u00f3nde y con qui\u00e9n estuvo la v\u00edctima antes de qu\u00e9 le quitaran la vida<\/p>\n\n\n\n<p>Los hechos sucedieron en calles de la colonia La Uni\u00f3n, en el municipio de Oaxaca de Ju\u00e1rez, la madrugada de este martes cuando la v\u00edctima identificada como R.R.R.&nbsp;(Raquel) fue encontrada sin vida al interior de su domicilio.<\/p>\n\n\n\n<p>\u201cLa Fiscal\u00eda de Oaxaca est\u00e1 comprometida con procurar justicia en forma eficiente, especialmente en casos relacionados con muertes violentas de mujeres, por ello, lleva a cabo las investigaciones con perspectiva de g\u00e9nero y m\u00e9todos cient\u00edficos que permitan dar certeza a las v\u00edctimas directas e indirectas\u201d, detall\u00f3 en su comunicado.<\/p>\n","protected":false},"excerpt":{"rendered":"<p>Raymundo Morales\/Zona Roja. Oaxaca de Ju\u00e1rez, Oax. A 3 de diciembre de 2024.- La Fiscal\u00eda&hellip;<\/p>\n","protected":false},"author":2,"featured_media":75133,"comment_status":"closed","ping_status":"open","sticky":false,"template":"","format":"standard","meta":{"_lmt_disableupdate":"","_lmt_disable":"","_jetpack_memberships_contains_paid_content":false,"footnotes":""},"categories":[109,47],"tags":[610],"class_list":["post-75130","post","type-post","status-publish","format-standard","has-post-thumbnail","hentry","category-minuto-a-minuto","category-zona-gris","tag-feminicidios-oaxaca"],"jetpack_featured_media_url":"https:\/\/zonaroja.com.mx\/wp-content\/uploads\/2024\/12\/Asesinato-de-mujer-ciudad-de-Oaxaca.jpg","jetpack_sharing_enabled":true,"_links":{"self":[{"href":"https:\/\/zonaroja.com.mx\/index.php?rest_route=\/wp\/v2\/posts\/75130","targetHints":{"allow":["GET"]}}],"collection":[{"href":"https:\/\/zonaroja.com.mx\/index.php?rest_route=\/wp\/v2\/posts"}],"about":[{"href":"https:\/\/zonaroja.com.mx\/index.php?rest_route=\/wp\/v2\/types\/post"}],"author":[{"embeddable":true,"href":"https:\/\/zonaroja.com.mx\/index.php?rest_route=\/wp\/v2\/users\/2"}],"replies":[{"embeddable":true,"href":"https:\/\/zonaroja.com.mx\/index.php?rest_route=%2Fwp%2Fv2%2Fcomments&post=75130"}],"version-history":[{"count":1,"href":"https:\/\/zonaroja.com.mx\/index.php?rest_route=\/wp\/v2\/posts\/75130\/revisions"}],"predecessor-version":[{"id":75134,"href":"https:\/\/zonaroja.com.mx\/index.php?rest_route=\/wp\/v2\/posts\/75130\/revisions\/75134"}],"wp:featuredmedia":[{"embeddable":true,"href":"https:\/\/zonaroja.com.mx\/index.php?rest_route=\/wp\/v2\/media\/75133"}],"wp:attachment":[{"href":"https:\/\/zonaroja.com.mx\/index.php?rest_route=%2Fwp%2Fv2%2Fmedia&parent=75130"}],"wp:term":[{"taxonomy":"category","embeddable":true,"href":"https:\/\/zonaroja.com.mx\/index.php?rest_route=%2Fwp%2Fv2%2Fcategories&post=75130"},{"taxonomy":"post_tag","embeddable":true,"href":"https:\/\/zonaroja.com.mx\/index.php?rest_route=%2Fwp%2Fv2%2Ftags&post=75130"}],"curies":[{"name":"wp","href":"https:\/\/api.w.org\/{rel}","templated":true}]}}