{"id":75138,"date":"2024-12-03T22:14:20","date_gmt":"2024-12-04T04:14:20","guid":{"rendered":"https:\/\/zonaroja.com.mx\/?p=75138"},"modified":"2024-12-03T22:23:31","modified_gmt":"2024-12-04T04:23:31","slug":"no-sirven-las-mesas-con-el-gobierno-federal-dice-el-mult","status":"publish","type":"post","link":"https:\/\/zonaroja.com.mx\/?p=75138","title":{"rendered":"No sirven las mesas con el gobierno federal, dice el MULT"},"content":{"rendered":"\n<p>Ismael Garc\u00eda M.\/Zona Roja.<\/p>\n\n\n\n<p>Oaxaca de Ju\u00e1rez, Oax., a 3 de diciembre de 2024.- Al reiterar su exigencia de justicia por el crimen de dos mujeres triquis, ocurrido hace casi un mes en la ciudad de Oaxaca, el Movimiento de Unificaci\u00f3n y Lucha Trique (MULT) reproch\u00f3 la improductivas de las mesas de di\u00e1logo con la Secretar\u00eda de Gobernaci\u00f3n (Segob), pues la violencia y los asesinatos contin\u00faan.<\/p>\n\n\n\n<p>\u201cEn el tema de las mesas que se han llevado a nivel federal, no han dado ning\u00fan resultado, a\u00fan a pesar de que nos hemos sentado con la secretaria de Gobernaci\u00f3n (Rosa Icela Rodr\u00edguez), seguimos en el mismo tema a nivel federal, simplemente promesas, palabras, pero no han hecho absolutamente para poder colaborar en las investigaciones y para poder esclarecer los asesinatos de nuestros compa\u00f1eros\u201d, dijo Octavio de Jes\u00fas D\u00edaz, representante de la organizaci\u00f3n.<\/p>\n\n\n\n<p>En conferencia de prensa frente al Palacio de Gobierno, demand\u00f3 a las autoridades federales su colaboraci\u00f3n para que se pueda llegar a la verdad y se haga justicia a las v\u00edctimas y a los familiares; seg\u00fan dio a conocer, en los dos \u00faltimos a\u00f1os han asesinado a unos 17 militantes del MULT.<\/p>\n\n\n\n<p>Demand\u00f3 a la Fiscal\u00eda General de Justicia resultados a la brevedad y que se llegue hasta las \u00faltimas consecuencias, caiga quien caiga. Luego reconoci\u00f3:<\/p>\n\n\n\n<p>\u201cHay confianza en la Fiscal\u00eda, tenemos todav\u00eda la esperanza de que se haga justicia por todos nuestros compa\u00f1eros asesinados\u201d.<\/p>\n\n\n\n<p>Tras la detenci\u00f3n de tres personas por el asesinato de Adriana y Virginia Ortiz Garc\u00eda, ocurrido el pasado 5 de noviembre, insisti\u00f3 en que se debe investigar el involucramiento de un elemento de la Polic\u00eda Estatal y si estar\u00edan involucrados otros funcionarios.<\/p>\n\n\n\n<p>\u201cEn nuestro estado, desde diciembre de 2022 hasta el 11 de noviembre de 2024, en lo que va de este sexenio, hemos contabilizado 17 compa\u00f1eros y compa\u00f1eras ca\u00eddas por las balas asesinas de los enemigos\u201d, reforz\u00f3.<\/p>\n\n\n\n<p>A\u00f1adi\u00f3 que desde el 6 de noviembre de 2024, la organizaci\u00f3n exigi\u00f3 qu\u00e9 la Fiscalia General de la Rep\u00fablica (FGR) y la Fiscal\u00eda General del Estado de Oaxaca (FGEO) se coordinaran para el pronto esclarecimiento de los asesinatos de sus compa\u00f1eros y compa\u00f1eras.<\/p>\n\n\n\n<p>\u201cNuestros argumentos se respaldan en que nuestras compa\u00f1eras fueron ejecutadas extrajudicialmente por la participaci\u00f3n de agentes del estado, como fue informado en un comunicado emitido por la Fiscal\u00eda General\u201d, a\u00f1adi\u00f3.<\/p>\n","protected":false},"excerpt":{"rendered":"<p>Ismael Garc\u00eda M.\/Zona Roja. Oaxaca de Ju\u00e1rez, Oax., a 3 de diciembre de 2024.- Al&hellip;<\/p>\n","protected":false},"author":2,"featured_media":75139,"comment_status":"closed","ping_status":"open","sticky":false,"template":"","format":"standard","meta":{"_lmt_disableupdate":"","_lmt_disable":"","_jetpack_memberships_contains_paid_content":false,"footnotes":""},"categories":[109,47],"tags":[867],"class_list":["post-75138","post","type-post","status-publish","format-standard","has-post-thumbnail","hentry","category-minuto-a-minuto","category-zona-gris","tag-movimiento-unificador-de-lucha-triqui-mult"],"jetpack_featured_media_url":"https:\/\/zonaroja.com.mx\/wp-content\/uploads\/2024\/12\/Conferencia-de-prensa-del-MULT.jpg","jetpack_sharing_enabled":true,"_links":{"self":[{"href":"https:\/\/zonaroja.com.mx\/index.php?rest_route=\/wp\/v2\/posts\/75138","targetHints":{"allow":["GET"]}}],"collection":[{"href":"https:\/\/zonaroja.com.mx\/index.php?rest_route=\/wp\/v2\/posts"}],"about":[{"href":"https:\/\/zonaroja.com.mx\/index.php?rest_route=\/wp\/v2\/types\/post"}],"author":[{"embeddable":true,"href":"https:\/\/zonaroja.com.mx\/index.php?rest_route=\/wp\/v2\/users\/2"}],"replies":[{"embeddable":true,"href":"https:\/\/zonaroja.com.mx\/index.php?rest_route=%2Fwp%2Fv2%2Fcomments&post=75138"}],"version-history":[{"count":2,"href":"https:\/\/zonaroja.com.mx\/index.php?rest_route=\/wp\/v2\/posts\/75138\/revisions"}],"predecessor-version":[{"id":75141,"href":"https:\/\/zonaroja.com.mx\/index.php?rest_route=\/wp\/v2\/posts\/75138\/revisions\/75141"}],"wp:featuredmedia":[{"embeddable":true,"href":"https:\/\/zonaroja.com.mx\/index.php?rest_route=\/wp\/v2\/media\/75139"}],"wp:attachment":[{"href":"https:\/\/zonaroja.com.mx\/index.php?rest_route=%2Fwp%2Fv2%2Fmedia&parent=75138"}],"wp:term":[{"taxonomy":"category","embeddable":true,"href":"https:\/\/zonaroja.com.mx\/index.php?rest_route=%2Fwp%2Fv2%2Fcategories&post=75138"},{"taxonomy":"post_tag","embeddable":true,"href":"https:\/\/zonaroja.com.mx\/index.php?rest_route=%2Fwp%2Fv2%2Ftags&post=75138"}],"curies":[{"name":"wp","href":"https:\/\/api.w.org\/{rel}","templated":true}]}}