{"id":75142,"date":"2024-12-04T06:57:55","date_gmt":"2024-12-04T12:57:55","guid":{"rendered":"https:\/\/zonaroja.com.mx\/?p=75142"},"modified":"2024-12-04T06:57:57","modified_gmt":"2024-12-04T12:57:57","slug":"nacio-en-la-banqueta-reportan-en-buen-estado-de-salud-a-la-bebe-de-tuxtepec","status":"publish","type":"post","link":"https:\/\/zonaroja.com.mx\/?p=75142","title":{"rendered":"\u00a1Naci\u00f3 en la banqueta! Reportan en buen estado de salud a la beb\u00e9 de Tuxtepec"},"content":{"rendered":"\n<p>Raymundo Morales\/Zona Roja.<\/p>\n\n\n\n<p>Oaxaca de Ju\u00e1rez, Oax., a 4 de diciembre de 2024.- Tras nacer en la banqueta cerca del hospital de San Juan Bautista Tuxtepec, la beb\u00e9 y su madre se encuentran en buen estado de salud, report\u00f3 el gobierno estatal.<\/p>\n\n\n\n<p>Y es que ayer por la ma\u00f1ana una madre de familia, alrededor de las ocho horas, una mujer en labores de parto lleg\u00f3 a bordo del nosocomio en el hospital general dependiente de los Servicios de Salud de Oaxaca (SSO).<\/p>\n\n\n\n<p>Tras ello, seg\u00fan refieren familiares, pidieron el ingreso pero le informaron que deb\u00eda caminar unos minutos para acelerar la dilataci\u00f3n; sin embargo, fue en ese momento en que la mujer se sent\u00f3 en la banqueta y tuvo su producto.<\/p>\n\n\n\n<p>En un comunicado, el gobierno estatal descart\u00f3 negligencia m\u00e9dica e inform\u00f3 que de inmediato se le brind\u00f3 atenci\u00f3n m\u00e9dica.<\/p>\n\n\n\n<p>Detall\u00f3 que la paciente de 40 a\u00f1os de edad y su beb\u00e9 se encuentran en buenas condiciones de salud y son monitoreadas por personal m\u00e9dico y de enfermer\u00eda del Hospital General de Tuxtepec de IMSS-Bienestar.<\/p>\n\n\n\n<p>La dependencia detall\u00f3 que la mujer, con embarazo de t\u00e9rmino, al descender de un veh\u00edculo de transporte p\u00fablico unos minutos antes de llegar al nosocomio, \u201cdio a luz de manera fortuita, por lo que de manera inmediata el equipo de especialistas del nosocomio acudi\u00f3 a brindarle atenci\u00f3n m\u00e9dica.<\/p>\n\n\n\n<p>Destac\u00f3 que la se\u00f1ora, tuvo a una reci\u00e9n nacida con un peso de tres kilos 150 gramos, la cual se encuentra sana, estable y bajo observaci\u00f3n cl\u00ednica.<\/p>\n","protected":false},"excerpt":{"rendered":"<p>Raymundo Morales\/Zona Roja. Oaxaca de Ju\u00e1rez, Oax., a 4 de diciembre de 2024.- Tras nacer&hellip;<\/p>\n","protected":false},"author":2,"featured_media":75143,"comment_status":"closed","ping_status":"open","sticky":false,"template":"","format":"standard","meta":{"_lmt_disableupdate":"","_lmt_disable":"","_jetpack_memberships_contains_paid_content":false,"footnotes":""},"categories":[47],"tags":[1260],"class_list":["post-75142","post","type-post","status-publish","format-standard","has-post-thumbnail","hentry","category-zona-gris","tag-hospital-general-de-tuxtepec"],"jetpack_featured_media_url":"https:\/\/zonaroja.com.mx\/wp-content\/uploads\/2024\/12\/bebe-en-la-banqueta-Tuxtepec.jpg","jetpack_sharing_enabled":true,"_links":{"self":[{"href":"https:\/\/zonaroja.com.mx\/index.php?rest_route=\/wp\/v2\/posts\/75142","targetHints":{"allow":["GET"]}}],"collection":[{"href":"https:\/\/zonaroja.com.mx\/index.php?rest_route=\/wp\/v2\/posts"}],"about":[{"href":"https:\/\/zonaroja.com.mx\/index.php?rest_route=\/wp\/v2\/types\/post"}],"author":[{"embeddable":true,"href":"https:\/\/zonaroja.com.mx\/index.php?rest_route=\/wp\/v2\/users\/2"}],"replies":[{"embeddable":true,"href":"https:\/\/zonaroja.com.mx\/index.php?rest_route=%2Fwp%2Fv2%2Fcomments&post=75142"}],"version-history":[{"count":1,"href":"https:\/\/zonaroja.com.mx\/index.php?rest_route=\/wp\/v2\/posts\/75142\/revisions"}],"predecessor-version":[{"id":75144,"href":"https:\/\/zonaroja.com.mx\/index.php?rest_route=\/wp\/v2\/posts\/75142\/revisions\/75144"}],"wp:featuredmedia":[{"embeddable":true,"href":"https:\/\/zonaroja.com.mx\/index.php?rest_route=\/wp\/v2\/media\/75143"}],"wp:attachment":[{"href":"https:\/\/zonaroja.com.mx\/index.php?rest_route=%2Fwp%2Fv2%2Fmedia&parent=75142"}],"wp:term":[{"taxonomy":"category","embeddable":true,"href":"https:\/\/zonaroja.com.mx\/index.php?rest_route=%2Fwp%2Fv2%2Fcategories&post=75142"},{"taxonomy":"post_tag","embeddable":true,"href":"https:\/\/zonaroja.com.mx\/index.php?rest_route=%2Fwp%2Fv2%2Ftags&post=75142"}],"curies":[{"name":"wp","href":"https:\/\/api.w.org\/{rel}","templated":true}]}}