{"id":75150,"date":"2024-12-04T08:30:00","date_gmt":"2024-12-04T14:30:00","guid":{"rendered":"https:\/\/zonaroja.com.mx\/?p=75150"},"modified":"2024-12-04T07:57:07","modified_gmt":"2024-12-04T13:57:07","slug":"entre-diputados-ciegos-y-con-discapacidad-por-dinamica-conmemorativa","status":"publish","type":"post","link":"https:\/\/zonaroja.com.mx\/?p=75150","title":{"rendered":"Entre diputados ciegos y con discapacidad\u2026 por din\u00e1mica conmemorativa\u00a0"},"content":{"rendered":"\n<p>Ismael Garc\u00eda M.\/Zona Roja.<\/p>\n\n\n\n<p>San Raymundo Jalpan, Oax., a 4 de diciembre de 2024.- Unos entraron con los ojos cerrados. Otros apoyados con un bast\u00f3n y unos m\u00e1s guiados por otra persona.<\/p>\n\n\n\n<p>As\u00ed fue el acceso de diputadas y diputados a la sede del pleno del Congreso del Estado, en la fr\u00eda ma\u00f1ana de martes. Pero fue por una din\u00e1mica en el marco del D\u00eda Internacional de las Personas con Discapacidad.<\/p>\n\n\n\n<p>Aunque hay algunos, como el petista Dante Monta\u00f1o, que burl\u00f3 a la autoridad electoral y logr\u00f3 la candidatura y la diputaci\u00f3n plurinominal argumentando una discapacidad, que por lo menos f\u00edsicamente no tiene.<\/p>\n\n\n\n<p>A las ocho de la ma\u00f1ana inici\u00f3 la actividad conmemorativa, en que un grupo de personas con discapacidad explic\u00f3 la necesidad de que la sociedad tenga m\u00e1s empat\u00eda con ellos. Luego vino el ejercicio de caminar a ciegas o con impedimentos f\u00edsicos.<\/p>\n\n\n\n<p>As\u00ed ingresaron los legisladores al recinto, previo a escuchar una explicaci\u00f3n de la jornada conmemorativa, por parte de un grupo de invitados.<\/p>\n\n\n\n<p>Sesi\u00f3n de trabajo de 35 puntos en el orden del d\u00eda, en su mayor\u00eda propuestas de Puntos de Acuerdo, de decretos o de reformas constitucionales.<\/p>\n\n\n\n<p>Todos, eso s\u00ed, \u00e1vidos de reflectores y de figurar en las redes sociales, aunque sean propuestas sin importancia, como la suplente pariente de la morenista Liz Arroyo, Jimena Yamil Arroyo, que present\u00f3 hasta cuatro planteamientos y en dos casos subi\u00f3 a tribuna.&nbsp;<\/p>\n\n\n\n<p>Uno de ellos, para declarar la \u201cCanci\u00f3n Mixteca\u201d y el Jarabe Mixteco como bien cultural.<\/p>\n\n\n\n<p>Sesi\u00f3n aburrida, a no ser por la presencia de un grupo de personas con discapacidad, que escucharon hasta cinco posicionamientos sobre el D\u00eda Internacional alusivo a ellas. Sesi\u00f3n de casi tres horas, ahora s\u00ed sin asamblea extraordinaria.&nbsp;<\/p>\n\n\n\n<p>Sesi\u00f3n que trat\u00f3 de acotar a tres minutos la presidenta de la Mesa Directiva, la ex panista Natividad D\u00edaz, comadre de Alejandro Murat. Aunque casi nadie le hizo caso en la limitaci\u00f3n.&nbsp;<\/p>\n\n\n\n<p>Discursos y reproches contra la violencia hacia las mujeres\u2026 aunque nadie reclame a las autoridades la creciente ola de feminicidios y asesinatos de mujeres, como el ocurrido el mismo d\u00eda de ayer por la madrugada.<\/p>\n\n\n\n<p>Cerca de las 11:00 concluy\u00f3 la asamblea, tras m\u00ednimas intervenciones en Asuntos Generales. Y todos se fueron hacia su curul o al desayuno, olvidando a sus invitados especiales, las personas con discapacidad.<\/p>\n","protected":false},"excerpt":{"rendered":"<p>Ismael Garc\u00eda M.\/Zona Roja. San Raymundo Jalpan, Oax., a 4 de diciembre de 2024.- Unos&hellip;<\/p>\n","protected":false},"author":2,"featured_media":75151,"comment_status":"closed","ping_status":"open","sticky":false,"template":"","format":"standard","meta":{"_lmt_disableupdate":"","_lmt_disable":"","_jetpack_memberships_contains_paid_content":false,"footnotes":""},"categories":[109,46],"tags":[303],"class_list":["post-75150","post","type-post","status-publish","format-standard","has-post-thumbnail","hentry","category-minuto-a-minuto","category-zona-blanca","tag-congreso-del-estado-de-oaxaca"],"jetpack_featured_media_url":"https:\/\/zonaroja.com.mx\/wp-content\/uploads\/2024\/12\/Actividad-Dia-Internacional-de-las-Personas-con-Discapacidad-4.jpeg","jetpack_sharing_enabled":true,"_links":{"self":[{"href":"https:\/\/zonaroja.com.mx\/index.php?rest_route=\/wp\/v2\/posts\/75150","targetHints":{"allow":["GET"]}}],"collection":[{"href":"https:\/\/zonaroja.com.mx\/index.php?rest_route=\/wp\/v2\/posts"}],"about":[{"href":"https:\/\/zonaroja.com.mx\/index.php?rest_route=\/wp\/v2\/types\/post"}],"author":[{"embeddable":true,"href":"https:\/\/zonaroja.com.mx\/index.php?rest_route=\/wp\/v2\/users\/2"}],"replies":[{"embeddable":true,"href":"https:\/\/zonaroja.com.mx\/index.php?rest_route=%2Fwp%2Fv2%2Fcomments&post=75150"}],"version-history":[{"count":1,"href":"https:\/\/zonaroja.com.mx\/index.php?rest_route=\/wp\/v2\/posts\/75150\/revisions"}],"predecessor-version":[{"id":75152,"href":"https:\/\/zonaroja.com.mx\/index.php?rest_route=\/wp\/v2\/posts\/75150\/revisions\/75152"}],"wp:featuredmedia":[{"embeddable":true,"href":"https:\/\/zonaroja.com.mx\/index.php?rest_route=\/wp\/v2\/media\/75151"}],"wp:attachment":[{"href":"https:\/\/zonaroja.com.mx\/index.php?rest_route=%2Fwp%2Fv2%2Fmedia&parent=75150"}],"wp:term":[{"taxonomy":"category","embeddable":true,"href":"https:\/\/zonaroja.com.mx\/index.php?rest_route=%2Fwp%2Fv2%2Fcategories&post=75150"},{"taxonomy":"post_tag","embeddable":true,"href":"https:\/\/zonaroja.com.mx\/index.php?rest_route=%2Fwp%2Fv2%2Ftags&post=75150"}],"curies":[{"name":"wp","href":"https:\/\/api.w.org\/{rel}","templated":true}]}}