{"id":75153,"date":"2024-12-04T09:30:00","date_gmt":"2024-12-04T15:30:00","guid":{"rendered":"https:\/\/zonaroja.com.mx\/?p=75153"},"modified":"2024-12-04T08:18:24","modified_gmt":"2024-12-04T14:18:24","slug":"tres-ediles-de-oaxaca-cometieron-violencia-politica-contra-mujeres-teeo","status":"publish","type":"post","link":"https:\/\/zonaroja.com.mx\/?p=75153","title":{"rendered":"Tres ediles de Oaxaca cometieron violencia pol\u00edtica contra mujeres: TEEO"},"content":{"rendered":"\n<p>Redacci\u00f3n\/Zona Roja.&nbsp;<\/p>\n\n\n\n<p>Oaxaca de Ju\u00e1rez, Oax., a 4 de diciembre de 2024.- El Tribunal Electoral del Estado de Oaxaca (TEEO) confirm\u00f3 actos de violencia pol\u00edtica en raz\u00f3n de g\u00e9nero cometidos por los presidentes municipales de Reforma de Pineda, San Juan Guelav\u00eda y Santo Domingo Tomaltepec, as\u00ed como, de un militante del Partido Unidad Popular (PUP).<\/p>\n\n\n\n<p>Por unanimidad, el leno aprob\u00f3 la sentencia del juicio ciudadano con clave: JDC\/303\/2024, en la cual determin\u00f3 que se confirma la violencia cometida por el presidente municipal de Reforma de Pineda en contra de regidoras de esa localidad, ya que, desde inicios del a\u00f1o 2023 a la fecha, la autoridad se\u00f1alada, de manera sistem\u00e1tica, ha realizado actos y omisiones en los que obstaculiza el ejercicio del cargo de la parte actora.<\/p>\n\n\n\n<p>Advirti\u00f3 que existen tres juicios previos en los que el presidente municipal ha continuado obstruyendo el cargo de la parte actora, por tanto, dado que no se advirti\u00f3 que dicha obstrucci\u00f3n sea por una situaci\u00f3n diversa a su g\u00e9nero y al haber reincidencia de las omisiones desplegadas por el edil, se confirm\u00f3 en este caso la violencia pol\u00edtica en raz\u00f3n de g\u00e9nero.<\/p>\n\n\n\n<p>Por otro lado, en el municipio de San Juan Guelav\u00eda, este Tribunal declar\u00f3 existente la violencia pol\u00edtica en raz\u00f3n de g\u00e9nero denunciada por una regidora y atribuida al presidente municipal, en la resoluci\u00f3n del juicio JDCI\/48\/2024.<\/p>\n\n\n\n<p>Se\u00f1al\u00f3 fundados los agravios expresados por la actora respecto a la omisi\u00f3n de dar respuesta a sus solicitudes y del pago de dietas, as\u00ed como, la vulneraci\u00f3n a la observaci\u00f3n y vigilancia de la administraci\u00f3n p\u00fablica municipal, as\u00ed como, la exclusi\u00f3n a los eventos del ayuntamiento.<\/p>\n\n\n\n<p>Mediante la resoluci\u00f3n del Procedimiento Especial Sancionador con clave PES\/11\/2024, el Pleno confirm\u00f3 la violencia pol\u00edtica en raz\u00f3n de g\u00e9nero atribuida al presidente municipal de Santo Domingo Tomaltepec, y denunciada por una regidora de esa localidad.<\/p>\n\n\n\n<p>Al respecto, argument\u00f3 que las manifestaciones de la actora, concatenadas con las pruebas aportadas y las recabadas por la autoridad instructora, as\u00ed como el contexto del asunto, resultaron suficientes para acreditar que las conductas atribuidas al denunciado contienen un sesgo de g\u00e9nero. Aunado a que la autoridad denunciada, no aport\u00f3 elementos de prueba suficientes para desvirtuar las conductas que se les atribuyen, atendiendo al principio de reversi\u00f3n de la carga probatoria.<\/p>\n\n\n\n<p>En este asunto, la sentencia declar\u00f3 inexistente la violencia pol\u00edtica en raz\u00f3n de g\u00e9nero atribuida al suplente del presidente, secretario municipal y regidora de hacienda, dado que del caudal probatorio no se tuvieron por acreditadas las conductas denunciadas.<\/p>\n\n\n\n<p>En tanto, en el juicio JDC\/88\/2024, este \u00f3rgano jurisdiccional acredit\u00f3 la existencia de violencia pol\u00edtica en raz\u00f3n de g\u00e9nero contra una militante del PUP por parte de su compa\u00f1ero identificado como: Catarino Castillo Santiago.<\/p>\n\n\n\n<p>Refiri\u00f3 que las expresiones realizadas por el responsable, el veintiuno de agosto de dos mil veintitr\u00e9s, tuvieron un sesgo de g\u00e9nero, y la finalidad de denostarla como mujer en la vida pol\u00edtica del instituto pol\u00edtico al que pertenece; lo que evidentemente afecta su imagen, y obstaculiza su derecho de participaci\u00f3n pol\u00edtica.<\/p>\n\n\n\n<p>Dichos comentarios, agrega esta sentencia, cobran relevancia dado que la presunci\u00f3n de veracidad de la afirmaci\u00f3n de la actora no fue derrotada, adem\u00e1s, que los mismos se encuentran contenidos en las pruebas aportadas y que fueron verificadas por este Tribunal.<\/p>\n","protected":false},"excerpt":{"rendered":"<p>Redacci\u00f3n\/Zona Roja.&nbsp; Oaxaca de Ju\u00e1rez, Oax., a 4 de diciembre de 2024.- El Tribunal Electoral&hellip;<\/p>\n","protected":false},"author":2,"featured_media":68045,"comment_status":"closed","ping_status":"open","sticky":false,"template":"","format":"standard","meta":{"_lmt_disableupdate":"","_lmt_disable":"","_jetpack_memberships_contains_paid_content":false,"footnotes":""},"categories":[109,47],"tags":[2235],"class_list":["post-75153","post","type-post","status-publish","format-standard","has-post-thumbnail","hentry","category-minuto-a-minuto","category-zona-gris","tag-tribunal-electoral-del-estado-de-oaxaca-teeo"],"jetpack_featured_media_url":"https:\/\/zonaroja.com.mx\/wp-content\/uploads\/2024\/05\/Baston-de-mando-poderes-municipales.jpg","jetpack_sharing_enabled":true,"_links":{"self":[{"href":"https:\/\/zonaroja.com.mx\/index.php?rest_route=\/wp\/v2\/posts\/75153","targetHints":{"allow":["GET"]}}],"collection":[{"href":"https:\/\/zonaroja.com.mx\/index.php?rest_route=\/wp\/v2\/posts"}],"about":[{"href":"https:\/\/zonaroja.com.mx\/index.php?rest_route=\/wp\/v2\/types\/post"}],"author":[{"embeddable":true,"href":"https:\/\/zonaroja.com.mx\/index.php?rest_route=\/wp\/v2\/users\/2"}],"replies":[{"embeddable":true,"href":"https:\/\/zonaroja.com.mx\/index.php?rest_route=%2Fwp%2Fv2%2Fcomments&post=75153"}],"version-history":[{"count":1,"href":"https:\/\/zonaroja.com.mx\/index.php?rest_route=\/wp\/v2\/posts\/75153\/revisions"}],"predecessor-version":[{"id":75154,"href":"https:\/\/zonaroja.com.mx\/index.php?rest_route=\/wp\/v2\/posts\/75153\/revisions\/75154"}],"wp:featuredmedia":[{"embeddable":true,"href":"https:\/\/zonaroja.com.mx\/index.php?rest_route=\/wp\/v2\/media\/68045"}],"wp:attachment":[{"href":"https:\/\/zonaroja.com.mx\/index.php?rest_route=%2Fwp%2Fv2%2Fmedia&parent=75153"}],"wp:term":[{"taxonomy":"category","embeddable":true,"href":"https:\/\/zonaroja.com.mx\/index.php?rest_route=%2Fwp%2Fv2%2Fcategories&post=75153"},{"taxonomy":"post_tag","embeddable":true,"href":"https:\/\/zonaroja.com.mx\/index.php?rest_route=%2Fwp%2Fv2%2Ftags&post=75153"}],"curies":[{"name":"wp","href":"https:\/\/api.w.org\/{rel}","templated":true}]}}