{"id":75158,"date":"2024-12-04T10:31:00","date_gmt":"2024-12-04T16:31:00","guid":{"rendered":"https:\/\/zonaroja.com.mx\/?p=75158"},"modified":"2024-12-04T08:36:26","modified_gmt":"2024-12-04T14:36:26","slug":"alcaldesa-deja-tehuantepec-sumida-en-violencia-crimen-en-atzompa","status":"publish","type":"post","link":"https:\/\/zonaroja.com.mx\/?p=75158","title":{"rendered":"Alcaldesa deja Tehuantepec sumida en violencia; crimen en Atzompa"},"content":{"rendered":"\n<p>Redacci\u00f3n\/Zona Roja.<\/p>\n\n\n\n<p>Oaxaca de Ju\u00e1rez, Oax., a 4 de diciembre de 2024.- Una persona del sexo masculino fue asesinada ayer con arma punzocortante, en Santa Mar\u00eda Atzompa, municipio conurbado a la capital de Oaxaca.<\/p>\n\n\n\n<p>El crimen se perpetr\u00f3 en la madrugada en la calle Morelos de la agencia de San Jos\u00e9 Hidalgo y la v\u00edctima presentaba heridas producidas al parecer por un picahielo; fue identificado como Pedro Sergio H. M., de 44 a\u00f1os de edad.<\/p>\n\n\n\n<p>Ayer por la tarde en Santo Domingo Tehuantepec ocurri\u00f3 un en\u00e9simo asalto a un comercio, en el mismo d\u00eda en que la presidenta municipal morenista Vilma Mart\u00ednez Cort\u00e9s, era anunciada como pr\u00f3xima secretaria de Bienestar del gobierno estatal.<\/p>\n\n\n\n<p>El hecho ocurri\u00f3 en la zapater\u00eda \u201cOlmos\u201d, ubicada en la avenida 5 de Mayo, en pleno centro de dicha ciudad istme\u00f1a; es la segunda ocasi\u00f3n en que el establecimiento es v\u00edctima de los ladrones.<\/p>\n\n\n\n<p>Seg\u00fan informes preliminares, al menos dos sujetos armados ingresaron al local, amagaron a los empleados y se llevaron dinero en efectivo y mercanc\u00eda; huyeron sin que hubiera polic\u00edas municipales en la zona.<\/p>\n\n\n\n<p>Vilma Mart\u00ednez cumple seis a\u00f1os al frente del ayuntamiento de Tehuantepec y durante su gesti\u00f3n se han incrementado los asesinatos y los asaltos a comercios, sin que implementara ninguna estrategia de seguridad.<\/p>\n","protected":false},"excerpt":{"rendered":"<p>Redacci\u00f3n\/Zona Roja. Oaxaca de Ju\u00e1rez, Oax., a 4 de diciembre de 2024.- Una persona del&hellip;<\/p>\n","protected":false},"author":2,"featured_media":75159,"comment_status":"closed","ping_status":"open","sticky":false,"template":"","format":"standard","meta":{"_lmt_disableupdate":"","_lmt_disable":"","_jetpack_memberships_contains_paid_content":false,"footnotes":""},"categories":[109,51],"tags":[1049],"class_list":["post-75158","post","type-post","status-publish","format-standard","has-post-thumbnail","hentry","category-minuto-a-minuto","category-zona-roja","tag-santa-maria-atzompa"],"jetpack_featured_media_url":"https:\/\/zonaroja.com.mx\/wp-content\/uploads\/2024\/12\/Asesinado-en-Atzompa.jpg","jetpack_sharing_enabled":true,"_links":{"self":[{"href":"https:\/\/zonaroja.com.mx\/index.php?rest_route=\/wp\/v2\/posts\/75158","targetHints":{"allow":["GET"]}}],"collection":[{"href":"https:\/\/zonaroja.com.mx\/index.php?rest_route=\/wp\/v2\/posts"}],"about":[{"href":"https:\/\/zonaroja.com.mx\/index.php?rest_route=\/wp\/v2\/types\/post"}],"author":[{"embeddable":true,"href":"https:\/\/zonaroja.com.mx\/index.php?rest_route=\/wp\/v2\/users\/2"}],"replies":[{"embeddable":true,"href":"https:\/\/zonaroja.com.mx\/index.php?rest_route=%2Fwp%2Fv2%2Fcomments&post=75158"}],"version-history":[{"count":1,"href":"https:\/\/zonaroja.com.mx\/index.php?rest_route=\/wp\/v2\/posts\/75158\/revisions"}],"predecessor-version":[{"id":75160,"href":"https:\/\/zonaroja.com.mx\/index.php?rest_route=\/wp\/v2\/posts\/75158\/revisions\/75160"}],"wp:featuredmedia":[{"embeddable":true,"href":"https:\/\/zonaroja.com.mx\/index.php?rest_route=\/wp\/v2\/media\/75159"}],"wp:attachment":[{"href":"https:\/\/zonaroja.com.mx\/index.php?rest_route=%2Fwp%2Fv2%2Fmedia&parent=75158"}],"wp:term":[{"taxonomy":"category","embeddable":true,"href":"https:\/\/zonaroja.com.mx\/index.php?rest_route=%2Fwp%2Fv2%2Fcategories&post=75158"},{"taxonomy":"post_tag","embeddable":true,"href":"https:\/\/zonaroja.com.mx\/index.php?rest_route=%2Fwp%2Fv2%2Ftags&post=75158"}],"curies":[{"name":"wp","href":"https:\/\/api.w.org\/{rel}","templated":true}]}}