{"id":75163,"date":"2024-12-04T11:00:00","date_gmt":"2024-12-04T17:00:00","guid":{"rendered":"https:\/\/zonaroja.com.mx\/?p=75163"},"modified":"2024-12-04T08:43:09","modified_gmt":"2024-12-04T14:43:09","slug":"con-alto-impacto-social-presupuesto-2025-para-oaxaca","status":"publish","type":"post","link":"https:\/\/zonaroja.com.mx\/?p=75163","title":{"rendered":"Con alto impacto social, presupuesto 2025 para Oaxaca"},"content":{"rendered":"\n<p>Redacci\u00f3n\/Zona Roja.<\/p>\n\n\n\n<p>Oaxaca de Ju\u00e1rez, Oax. 3 de diciembre de 2024.- El gobernador Salom\u00f3n Jara Cruz dio a conocer ayer al pueblo de Oaxaca el contenido del Paquete Econ\u00f3mico para el Ejercicio Fiscal 2025, el cual fue entregado al Congreso del Estado para su an\u00e1lisis y posterior aprobaci\u00f3n.&nbsp;<\/p>\n\n\n\n<p>En conferencia de prensa matutina, el Mandatario Estatal afirm\u00f3 que con dicha propuesta el siguiente a\u00f1o se pretende evitar la deuda, nuevos impuestos, adem\u00e1s de que posee un enfoque social y humanista, atendiendo a los sectores m\u00e1s vulnerables, ya que se aumentar\u00e1 la inversi\u00f3n para programas sociales.<\/p>\n\n\n\n<p>En este sentido, detall\u00f3 que el Paquete Econ\u00f3mico fue explicado en un acto de transparencia a las y los diputados de la 66 Legislatura la estrategia de recaudaci\u00f3n y los conceptos de gastos e inversi\u00f3n, en el que se les proporcion\u00f3 informaci\u00f3n total.&nbsp;<\/p>\n\n\n\n<p>El Mandatario estatal mencion\u00f3 que, se implementar\u00e1 el Cr\u00e9dito a la Palabra para las Mujeres Primavera, al cual se destinar\u00e1n 50 millones de pesos, con el objetivo de erradicar pr\u00e9stamos con intereses altos y que promueven conductas violentas al momento de cobrarlos.<\/p>\n\n\n\n<p>Asimismo, se aumentar\u00e1n los recursos para los rubros de salud, seguridad y educaci\u00f3n, se mantendr\u00e1n los apoyos al campo y juventudes, la construcci\u00f3n de caminos artesanales y se pondr\u00e1 en marcha el Programa de Vivienda Social que promueve la Presidenta Claudia Sheinbaum Pardo.&nbsp;<\/p>\n\n\n\n<p>Aunado a ello se consolidar\u00e1n proyectos estrat\u00e9gicos como el Centro Integral de Revalorizaci\u00f3n de Residuos S\u00f3lidos Urbanos (CIRRSU), C5 y saneamiento de los r\u00edos \u201cAtoyac\u201d y \u201cSalado\u201d.&nbsp;<\/p>\n\n\n\n<p>\u201cNuestro proyecto de transformaci\u00f3n nos compromete a trabajar con todas y todos, especialmente con las personas que menos tienen. Por el bien de todos, primero los pobres\u201d, enfatiz\u00f3 Jara Cruz.<\/p>\n\n\n\n<p>Algunos programas sociales que tendr\u00e1n un incremento presupuestal en 2025 son Tarjeta Margarita Maza, Mi Primera Chamba, Tarjeta Joven, Farmacias Bienestar y acciones de asistencia social.&nbsp;<\/p>\n","protected":false},"excerpt":{"rendered":"<p>Redacci\u00f3n\/Zona Roja. Oaxaca de Ju\u00e1rez, Oax. 3 de diciembre de 2024.- El gobernador Salom\u00f3n Jara&hellip;<\/p>\n","protected":false},"author":2,"featured_media":75164,"comment_status":"closed","ping_status":"open","sticky":false,"template":"","format":"standard","meta":{"_lmt_disableupdate":"","_lmt_disable":"","_jetpack_memberships_contains_paid_content":false,"footnotes":""},"categories":[109,46],"tags":[939],"class_list":["post-75163","post","type-post","status-publish","format-standard","has-post-thumbnail","hentry","category-minuto-a-minuto","category-zona-blanca","tag-salomon-jara-cruz"],"jetpack_featured_media_url":"https:\/\/zonaroja.com.mx\/wp-content\/uploads\/2024\/12\/Paquete-fiscal-2025-Oaxaca.jpeg.webp","jetpack_sharing_enabled":true,"_links":{"self":[{"href":"https:\/\/zonaroja.com.mx\/index.php?rest_route=\/wp\/v2\/posts\/75163","targetHints":{"allow":["GET"]}}],"collection":[{"href":"https:\/\/zonaroja.com.mx\/index.php?rest_route=\/wp\/v2\/posts"}],"about":[{"href":"https:\/\/zonaroja.com.mx\/index.php?rest_route=\/wp\/v2\/types\/post"}],"author":[{"embeddable":true,"href":"https:\/\/zonaroja.com.mx\/index.php?rest_route=\/wp\/v2\/users\/2"}],"replies":[{"embeddable":true,"href":"https:\/\/zonaroja.com.mx\/index.php?rest_route=%2Fwp%2Fv2%2Fcomments&post=75163"}],"version-history":[{"count":1,"href":"https:\/\/zonaroja.com.mx\/index.php?rest_route=\/wp\/v2\/posts\/75163\/revisions"}],"predecessor-version":[{"id":75165,"href":"https:\/\/zonaroja.com.mx\/index.php?rest_route=\/wp\/v2\/posts\/75163\/revisions\/75165"}],"wp:featuredmedia":[{"embeddable":true,"href":"https:\/\/zonaroja.com.mx\/index.php?rest_route=\/wp\/v2\/media\/75164"}],"wp:attachment":[{"href":"https:\/\/zonaroja.com.mx\/index.php?rest_route=%2Fwp%2Fv2%2Fmedia&parent=75163"}],"wp:term":[{"taxonomy":"category","embeddable":true,"href":"https:\/\/zonaroja.com.mx\/index.php?rest_route=%2Fwp%2Fv2%2Fcategories&post=75163"},{"taxonomy":"post_tag","embeddable":true,"href":"https:\/\/zonaroja.com.mx\/index.php?rest_route=%2Fwp%2Fv2%2Ftags&post=75163"}],"curies":[{"name":"wp","href":"https:\/\/api.w.org\/{rel}","templated":true}]}}