{"id":75166,"date":"2024-12-04T12:30:00","date_gmt":"2024-12-04T18:30:00","guid":{"rendered":"https:\/\/zonaroja.com.mx\/?p=75166"},"modified":"2024-12-04T08:47:16","modified_gmt":"2024-12-04T14:47:16","slug":"instalan-en-el-senado-comision-especial-del-corredor-interoceanico","status":"publish","type":"post","link":"https:\/\/zonaroja.com.mx\/?p=75166","title":{"rendered":"Instalan en el Senado comisi\u00f3n especial del Corredor Interoce\u00e1nico"},"content":{"rendered":"\n<p>Redacci\u00f3n\/Zona Roja.<\/p>\n\n\n\n<p>Ciudad de M\u00e9xico, a 4 de diciembre de 2024.- El Corredor Interoce\u00e1nico del Istmo de Tehuantepec ser\u00e1 un s\u00edmbolo de desarrollo nacional, que con su operaci\u00f3n puede reconfigurar la econom\u00eda del pa\u00eds, se\u00f1al\u00f3 el senador Antonino Morales Toledo, durante la instalaci\u00f3n de la Comisi\u00f3n Especial de Seguimiento, al indicar que \u00e9sta tendr\u00e1 un papel estrat\u00e9gico para supervisar, evaluar y proponer acciones a fin de que su implementaci\u00f3n garantice beneficios eficientes y sostenibles para las comunidades.<\/p>\n\n\n\n<p>El presidente de la Comisi\u00f3n Especial de Seguimiento e Impulso al Corredor Interoce\u00e1nico del Istmo de Tehuantepec anticip\u00f3 que esta instancia, inclusive, podr\u00e1 proponer y coordinar ajustes y mejoras al proyecto, para garantizar que no sea solo una obra de infraestructura, sino que su transformaci\u00f3n permita reconfigurar el futuro econ\u00f3mico de M\u00e9xico y de zonas marginadas.<\/p>\n\n\n\n<p>Durante la instalaci\u00f3n de los trabajos de esta comisi\u00f3n, el legislador de Morena record\u00f3 que con el Corredor Interoce\u00e1nico se busca impulsar la creaci\u00f3n de cadenas de valor, facilitando la producci\u00f3n, distribuci\u00f3n y exportaci\u00f3n de productos de los diversos sectores de la zona del Istmo.<\/p>\n\n\n\n<p>\u201cNos encontramos, por tanto, ante un esfuerzo compartido, en el que el Senado se suma de manera activa para hacer de este proyecto una realidad para las y los mexicanos\u201d, destac\u00f3 Nino Morales.<\/p>\n\n\n\n<p>El legislador zapoteco, hizo notar que gracias al impulso del ex presidente Andr\u00e9s Manuel L\u00f3pez Obrador se sentaron las bases para el desarrollo de Oaxaca, lo que aunado a la pol\u00edtica humanista del gobernador Salom\u00f3n Jara, permite que hoy el estado sea el centro m\u00e1s atractivo para invertir en los pr\u00f3ximos 50 a\u00f1os.<\/p>\n\n\n\n<p>Ante la coordinadora del Consejo Asesor de Desarrollo Econ\u00f3mico, Altagracia G\u00f3mez; autoridades navales, de la Canciller\u00eda y de la Secretar\u00eda de Econom\u00eda, entre otras, el senador de origen ind\u00edgena, destac\u00f3 que el Corredor Interoce\u00e1nico es una oportunidad econ\u00f3mica, pero tambi\u00e9n un reto para convertirlo en un instrumento de desarrollo para las regiones hist\u00f3ricamente marginadas.}En ese sentido, Morales Toledo, asent\u00f3 que la comisi\u00f3n vigilar\u00e1 que se cumpla con las expectativas sociales, econ\u00f3micas y ambientales del mismo.<\/p>\n\n\n\n<p>\u201cEsta decisi\u00f3n atiende a la necesidad de implementar una herramienta de seguimiento, pero tambi\u00e9n un plan de acci\u00f3n con la oportunidad de construir acuerdos y consensos que permitan trabajar para que el Corredor Interoce\u00e1nico sea un s\u00edmbolo de desarrollo nacional\u201d, afirmo Nino Morales.<\/p>\n\n\n\n<p>Ante senadores de las diferentes bancadas, Antonino Morales sostuvo que en la consolidaci\u00f3n de este proyecto de infraestructura log\u00edstica del pa\u00eds ser\u00e1 fundamental la seguridad, por ello la importancia de contar con el despliegue de la Marina Armada de M\u00e9xico y de las dem\u00e1s fuerzas de seguridad.<\/p>\n\n\n\n<p>\u201cQuiero subrayar que nuestra labor no ser\u00e1 solo t\u00e9cnica, sino que tambi\u00e9n ser\u00e1 pol\u00edtica, porque tendremos que garantizar que este proyecto se desarrolle con el consenso y la participaci\u00f3n activa de todas las partes involucradas. Nos comprometemos a que nuestras decisiones sean transparentes y justas, siempre velando por el bienestar de las regiones del Istmo y de todo el pa\u00eds\u201d, dijo el Senador.<\/p>\n\n\n\n<p>De su parte, la coordinadora del Consejo Asesor de Desarrollo Econ\u00f3mico, Altagracia G\u00f3mez, advirti\u00f3 que este no es un proyecto de gobierno, sino de pa\u00eds, que debe sumar a todos incluidos empresarios, academia, sistema tecnol\u00f3gico, legisladores, organizaciones multilaterales y dem\u00e1s sectores por la trascendencia que tendr\u00e1 el Corredor del Istmo para la log\u00edstica mundial.<\/p>\n\n\n\n<p>\u201cLos polos de desarrollo tienen m\u00e1s que ver con ecosistema que con competitividad log\u00edstica, que con aeropuertos, que con puertos, que con ferrocarril de carga, que con carreteras. Y para crear ecosistemas hay un trabajo de coordinaci\u00f3n profunda\u201d, insisti\u00f3.<\/p>\n\n\n\n<p>El almirante Alan Tarcisio Cruz, director general del Ferrocarril del Istmo de Tehuantepec, reconoci\u00f3 la importancia de que el Senado se integre a trav\u00e9s de la comisi\u00f3n especial para que en la creaci\u00f3n de leyes se cuente con informaci\u00f3n real que le d\u00e9 una correcta dimensi\u00f3n \u201cy tengamos as\u00ed un frente com\u00fan, de colaboraci\u00f3n que lo haga atractivo y el corredor tengo \u00e9xito\u201d.<\/p>\n\n\n\n<p>Acudieron a la instalaci\u00f3n los senadores integrantes de la comisi\u00f3n; el secretario de Desarrollo de Oaxaca, Ra\u00fal Ruiz; el Fiscal General de Estado de Oaxaca, Bernardo Rodriguez Alamilla; la embajadora Jennifer Catherine Feller, directora para Europa de la SRE, entre otras personalidades.<\/p>\n","protected":false},"excerpt":{"rendered":"<p>Redacci\u00f3n\/Zona Roja. Ciudad de M\u00e9xico, a 4 de diciembre de 2024.- El Corredor Interoce\u00e1nico del&hellip;<\/p>\n","protected":false},"author":2,"featured_media":75167,"comment_status":"closed","ping_status":"open","sticky":false,"template":"","format":"standard","meta":{"_lmt_disableupdate":"","_lmt_disable":"","_jetpack_memberships_contains_paid_content":false,"footnotes":""},"categories":[109,46],"tags":[180],"class_list":["post-75166","post","type-post","status-publish","format-standard","has-post-thumbnail","hentry","category-minuto-a-minuto","category-zona-blanca","tag-antonino-morales-toledo"],"jetpack_featured_media_url":"https:\/\/zonaroja.com.mx\/wp-content\/uploads\/2024\/12\/Antonino-Morales-Senado-comision-interoceanico.jpg","jetpack_sharing_enabled":true,"_links":{"self":[{"href":"https:\/\/zonaroja.com.mx\/index.php?rest_route=\/wp\/v2\/posts\/75166","targetHints":{"allow":["GET"]}}],"collection":[{"href":"https:\/\/zonaroja.com.mx\/index.php?rest_route=\/wp\/v2\/posts"}],"about":[{"href":"https:\/\/zonaroja.com.mx\/index.php?rest_route=\/wp\/v2\/types\/post"}],"author":[{"embeddable":true,"href":"https:\/\/zonaroja.com.mx\/index.php?rest_route=\/wp\/v2\/users\/2"}],"replies":[{"embeddable":true,"href":"https:\/\/zonaroja.com.mx\/index.php?rest_route=%2Fwp%2Fv2%2Fcomments&post=75166"}],"version-history":[{"count":1,"href":"https:\/\/zonaroja.com.mx\/index.php?rest_route=\/wp\/v2\/posts\/75166\/revisions"}],"predecessor-version":[{"id":75168,"href":"https:\/\/zonaroja.com.mx\/index.php?rest_route=\/wp\/v2\/posts\/75166\/revisions\/75168"}],"wp:featuredmedia":[{"embeddable":true,"href":"https:\/\/zonaroja.com.mx\/index.php?rest_route=\/wp\/v2\/media\/75167"}],"wp:attachment":[{"href":"https:\/\/zonaroja.com.mx\/index.php?rest_route=%2Fwp%2Fv2%2Fmedia&parent=75166"}],"wp:term":[{"taxonomy":"category","embeddable":true,"href":"https:\/\/zonaroja.com.mx\/index.php?rest_route=%2Fwp%2Fv2%2Fcategories&post=75166"},{"taxonomy":"post_tag","embeddable":true,"href":"https:\/\/zonaroja.com.mx\/index.php?rest_route=%2Fwp%2Fv2%2Ftags&post=75166"}],"curies":[{"name":"wp","href":"https:\/\/api.w.org\/{rel}","templated":true}]}}