{"id":75174,"date":"2024-12-04T19:17:44","date_gmt":"2024-12-05T01:17:44","guid":{"rendered":"https:\/\/zonaroja.com.mx\/?p=75174"},"modified":"2024-12-04T19:17:46","modified_gmt":"2024-12-05T01:17:46","slug":"seccion-22-del-snte-creara-asociacion-civil-para-recaudar-fondos","status":"publish","type":"post","link":"https:\/\/zonaroja.com.mx\/?p=75174","title":{"rendered":"Secci\u00f3n 22 del SNTE crear\u00e1 asociaci\u00f3n civil para recaudar fondos"},"content":{"rendered":"\n<p>Ismael Garc\u00eda M.\/Zona Roja. Foto: Archivo.<\/p>\n\n\n\n<p>Oaxaca de Ju\u00e1rez, Oax., a 4 de noviembre de 2024.- Aunque no ha detallado los fines y el destino de lo que recaudar\u00e1, la Asamblea Estatal de la Secci\u00f3n 22 del SNTE anunci\u00f3 la creaci\u00f3n una asociaci\u00f3n civil para obtener recursos financieros.<\/p>\n\n\n\n<p>\u201cEn atenci\u00f3n a los resultados de la consulta a las bases, se acuerda proceder con la constituci\u00f3n de la asociaci\u00f3n civil, para cumplir con el objetivo de concluir el proceso de obtenci\u00f3n de los recursos econ\u00f3micos para la Secretar\u00eda T\u00e9cnica del CAPP, brind\u00e1ndose informes permanentes de los movimientos financieros que se realicen y en consecuencia, se revise la temporalidad de su funcionamiento conforme al prop\u00f3sito para el que fue creado\u201d, refiere en el punto tres de los acuerdos alcanzados el pasado s\u00e1bado.<\/p>\n\n\n\n<p>Asimismo, anunci\u00f3 una serie de movilizaciones en Oaxaca y en la Ciudad de M\u00e9xico, para dar cobertura a reuniones, entre ellas la de ma\u00f1ana, que encabezar\u00e1n los estudiantes de escuelas normales del estado.<\/p>\n\n\n\n<p>\u201cAcuerda que toda mesa nacional de negociaci\u00f3n, sea coberturada con movilizaciones de las bases, retomando nuestra t\u00e1ctica de lucha; movilizaci\u00f3n-negociaci\u00f3n-movilizaci\u00f3n, para que estas no se conviertan en mesas dilatorias\u201d, detalla.<\/p>\n\n\n\n<p>De la misma manera, para el pr\u00f3ximo 9 de diciembre en que tendr\u00e1n una reuni\u00f3n con la Presidenta de M\u00e9xico, en la capital del pa\u00eds, el 30 por ciento de integrantes de la Coordinadora Nacional de Trabajadores de la Educaci\u00f3n se concentrar\u00e1 en respaldo a ese di\u00e1logo y para presionar a que haya respuesta a sus demandas, entre ellas la abrogaci\u00f3n de la reforma educativa que impuls\u00f3 Enrique Pe\u00f1a Nieto.<\/p>\n\n\n\n<p>Asimismo, en el marco del 45 aniversario de la fundaci\u00f3n de la CNTE, efectuar\u00e1 una jornada conmemorativa, que incluye marchas, a partir del pr\u00f3ximo 9 de diciembre.<\/p>\n\n\n\n<p>\u201cAcuerda convocar a un paro de 24 horas con la modalidad de movilizaci\u00f3n masiva estatal, para el d\u00eda 16 de diciembre de 2024, partiendo del monumento a Ju\u00e1rez (salida a Tuxtepec), con r\u00e9plicas de acciones sincronizadas en los estados donde tenga presencia la CNTE\u201d, detalla otro de los acuerdos.<\/p>\n\n\n\n<p>Adem\u00e1s, orden\u00f3 que la Comisi\u00f3n de Honor y Justicia que investiga la gesti\u00f3n del Comit\u00e9 Ejecutivo Secci\u00f3nale anterior (2017-2022) \u2014que encabez\u00f3 Eloy L\u00f3pez Hern\u00e1ndez\u2014, \u201cculmine con los trabajos y emitan su informe y dictamen correspondiente, tomando en cuenta los elementos probatorios que est\u00e1n en manos de la comisi\u00f3n y se presente a esta Asamblea Estatal a la mayor brevedad posible\u201d.<\/p>\n\n\n\n<p>Tambien, acuerda que la Comisi\u00f3n Pol\u00edtica y el Secretario T\u00e9cnico exijan ante las autoridades del IEEPO y la Federaci\u00f3n la suspensi\u00f3n de las auditor\u00edas \u201cque de manera unilateral est\u00e1n realizando en algunas escuelas de educaci\u00f3n b\u00e1sica del estado, reserv\u00e1ndonos el derecho de tomar acciones pol\u00edticas en su momento\u201d.<\/p>\n\n\n\n<p>Igualmente, la Asamblea Estatal ratific\u00f3 su repudio y rechazo a la presencia de Azael Santiago Chepi como enlace y parte del equipo interlocutor de la SEP en las mesas de negociaci\u00f3n con funcionarios federales, la CNUN y la dirigencia de la Secci\u00f3n 22, \u201cas\u00ed como de cualquier otro personaje que haya estado vinculado a este movimiento, reserv\u00e1ndonos el derecho de movilizaci\u00f3n\u201d.<\/p>\n","protected":false},"excerpt":{"rendered":"<p>Ismael Garc\u00eda M.\/Zona Roja. Foto: Archivo. Oaxaca de Ju\u00e1rez, Oax., a 4 de noviembre de&hellip;<\/p>\n","protected":false},"author":2,"featured_media":73624,"comment_status":"closed","ping_status":"open","sticky":false,"template":"","format":"standard","meta":{"_lmt_disableupdate":"","_lmt_disable":"","_jetpack_memberships_contains_paid_content":false,"footnotes":""},"categories":[109,47],"tags":[312],"class_list":["post-75174","post","type-post","status-publish","format-standard","has-post-thumbnail","hentry","category-minuto-a-minuto","category-zona-gris","tag-seccion-22-del-snte"],"jetpack_featured_media_url":"https:\/\/zonaroja.com.mx\/wp-content\/uploads\/2024\/10\/Conferencia-de-prensa-Seccion-22-del-SNTe.jpg","jetpack_sharing_enabled":true,"_links":{"self":[{"href":"https:\/\/zonaroja.com.mx\/index.php?rest_route=\/wp\/v2\/posts\/75174","targetHints":{"allow":["GET"]}}],"collection":[{"href":"https:\/\/zonaroja.com.mx\/index.php?rest_route=\/wp\/v2\/posts"}],"about":[{"href":"https:\/\/zonaroja.com.mx\/index.php?rest_route=\/wp\/v2\/types\/post"}],"author":[{"embeddable":true,"href":"https:\/\/zonaroja.com.mx\/index.php?rest_route=\/wp\/v2\/users\/2"}],"replies":[{"embeddable":true,"href":"https:\/\/zonaroja.com.mx\/index.php?rest_route=%2Fwp%2Fv2%2Fcomments&post=75174"}],"version-history":[{"count":1,"href":"https:\/\/zonaroja.com.mx\/index.php?rest_route=\/wp\/v2\/posts\/75174\/revisions"}],"predecessor-version":[{"id":75175,"href":"https:\/\/zonaroja.com.mx\/index.php?rest_route=\/wp\/v2\/posts\/75174\/revisions\/75175"}],"wp:featuredmedia":[{"embeddable":true,"href":"https:\/\/zonaroja.com.mx\/index.php?rest_route=\/wp\/v2\/media\/73624"}],"wp:attachment":[{"href":"https:\/\/zonaroja.com.mx\/index.php?rest_route=%2Fwp%2Fv2%2Fmedia&parent=75174"}],"wp:term":[{"taxonomy":"category","embeddable":true,"href":"https:\/\/zonaroja.com.mx\/index.php?rest_route=%2Fwp%2Fv2%2Fcategories&post=75174"},{"taxonomy":"post_tag","embeddable":true,"href":"https:\/\/zonaroja.com.mx\/index.php?rest_route=%2Fwp%2Fv2%2Ftags&post=75174"}],"curies":[{"name":"wp","href":"https:\/\/api.w.org\/{rel}","templated":true}]}}