{"id":75179,"date":"2024-12-04T20:34:40","date_gmt":"2024-12-05T02:34:40","guid":{"rendered":"https:\/\/zonaroja.com.mx\/?p=75179"},"modified":"2024-12-04T20:34:42","modified_gmt":"2024-12-05T02:34:42","slug":"registra-el-cobao-crecimiento-en-matricula-y-captacion-de-bachilleres","status":"publish","type":"post","link":"https:\/\/zonaroja.com.mx\/?p=75179","title":{"rendered":"Registra el Cobao crecimiento en matr\u00edcula y captaci\u00f3n de bachilleres\u00a0"},"content":{"rendered":"\n<p>Raymundo Morales\/Zona Roja.<\/p>\n\n\n\n<p>Oaxaca de Ju\u00e1rez, Oax., a 4 de diciembre de 2024.- El Colegio de Bachilleres del Estado de Oaxaca (Cobao) registr\u00f3 un crecimiento importante de la matr\u00edcula en los dos \u00faltimos a\u00f1os.<\/p>\n\n\n\n<p>Adem\u00e1s, es la sexta instituci\u00f3n educativa del pa\u00eds con mayor captaci\u00f3n de estudiantes del nivel bachillerato, inform\u00f3 el organismo que encabeza Ver\u00f3nica Hern\u00e1ndez Gonz\u00e1lez.<\/p>\n\n\n\n<p>De acuerdo con los datos proporcionados, en el indicador tasa de crecimiento se observa que en el presente ciclo escolar 2024-2025 se alcanz\u00f3 el extraordinario total de 36 mil 912 estudiantes inscritos, mil 901estudiantes m\u00e1s que el ciclo anterior; en este inicio de semestre se alcanz\u00f3 la tasa de crecimiento media anual del 2.7%.&nbsp;<\/p>\n\n\n\n<p>El n\u00famero m\u00e1s cercano al actual fue en el a\u00f1o 2016, cuando la matr\u00edcula fue de 36 mil 353 estudiantes.&nbsp;<\/p>\n\n\n\n<p>\u201cEste r\u00e9cord obedece no solo al prestigio que detenta el Cobao; este logro es tambi\u00e9n producto de la pol\u00edtica educativa establecida por el gobierno de la \u2018Primavera Oaxaque\u00f1a\u2019, que promovi\u00f3 la exenci\u00f3n de pago de las inscripciones y reinscripciones, lo que ha permitido que m\u00e1s j\u00f3venes contin\u00faen con sus estudios en alguno de los 68 planteles ubicados en nuestra entidad\u201d, destac\u00f3.<\/p>\n\n\n\n<p>Indic\u00f3 que los logros son resultado de un trabajo comprometido con la encomienda del gobernador Salom\u00f3n Jara Cruz.<\/p>\n\n\n\n<p>La directora general, Ver\u00f3nica Hern\u00e1ndez, reconoci\u00f3 el compromiso del mandatario estatal con la educaci\u00f3n de las y los j\u00f3venes y refrend\u00f3 su compromiso por continuar impulsando una preparaci\u00f3n escolar de calidad.<\/p>\n","protected":false},"excerpt":{"rendered":"<p>Raymundo Morales\/Zona Roja. Oaxaca de Ju\u00e1rez, Oax., a 4 de diciembre de 2024.- El Colegio&hellip;<\/p>\n","protected":false},"author":2,"featured_media":75180,"comment_status":"closed","ping_status":"open","sticky":false,"template":"","format":"standard","meta":{"_lmt_disableupdate":"","_lmt_disable":"","_jetpack_memberships_contains_paid_content":false,"footnotes":""},"categories":[109,46],"tags":[2883,3397],"class_list":["post-75179","post","type-post","status-publish","format-standard","has-post-thumbnail","hentry","category-minuto-a-minuto","category-zona-blanca","tag-colegio-de-bachilleres-de-oaxaca-cobao","tag-veronica-hernandez-gonzalez"],"jetpack_featured_media_url":"https:\/\/zonaroja.com.mx\/wp-content\/uploads\/2024\/12\/Cobao-Veronica-Hernandez.jpg","jetpack_sharing_enabled":true,"_links":{"self":[{"href":"https:\/\/zonaroja.com.mx\/index.php?rest_route=\/wp\/v2\/posts\/75179","targetHints":{"allow":["GET"]}}],"collection":[{"href":"https:\/\/zonaroja.com.mx\/index.php?rest_route=\/wp\/v2\/posts"}],"about":[{"href":"https:\/\/zonaroja.com.mx\/index.php?rest_route=\/wp\/v2\/types\/post"}],"author":[{"embeddable":true,"href":"https:\/\/zonaroja.com.mx\/index.php?rest_route=\/wp\/v2\/users\/2"}],"replies":[{"embeddable":true,"href":"https:\/\/zonaroja.com.mx\/index.php?rest_route=%2Fwp%2Fv2%2Fcomments&post=75179"}],"version-history":[{"count":1,"href":"https:\/\/zonaroja.com.mx\/index.php?rest_route=\/wp\/v2\/posts\/75179\/revisions"}],"predecessor-version":[{"id":75181,"href":"https:\/\/zonaroja.com.mx\/index.php?rest_route=\/wp\/v2\/posts\/75179\/revisions\/75181"}],"wp:featuredmedia":[{"embeddable":true,"href":"https:\/\/zonaroja.com.mx\/index.php?rest_route=\/wp\/v2\/media\/75180"}],"wp:attachment":[{"href":"https:\/\/zonaroja.com.mx\/index.php?rest_route=%2Fwp%2Fv2%2Fmedia&parent=75179"}],"wp:term":[{"taxonomy":"category","embeddable":true,"href":"https:\/\/zonaroja.com.mx\/index.php?rest_route=%2Fwp%2Fv2%2Fcategories&post=75179"},{"taxonomy":"post_tag","embeddable":true,"href":"https:\/\/zonaroja.com.mx\/index.php?rest_route=%2Fwp%2Fv2%2Ftags&post=75179"}],"curies":[{"name":"wp","href":"https:\/\/api.w.org\/{rel}","templated":true}]}}