{"id":75182,"date":"2024-12-04T21:06:02","date_gmt":"2024-12-05T03:06:02","guid":{"rendered":"https:\/\/zonaroja.com.mx\/?p=75182"},"modified":"2024-12-04T21:06:04","modified_gmt":"2024-12-05T03:06:04","slug":"rinde-protesta-consejo-coordinador-de-oaxaca-de-juarez-en-sector-turistico","status":"publish","type":"post","link":"https:\/\/zonaroja.com.mx\/?p=75182","title":{"rendered":"Rinde protesta consejo coordinador de Oaxaca de Ju\u00e1rez en sector tur\u00edstico\u00a0"},"content":{"rendered":"\n<p>Redacci\u00f3n\/Zona Roja.<\/p>\n\n\n\n<p>Oaxaca de Ju\u00e1rez, Oax., 4 de diciembre de 2024.- Con el prop\u00f3sito de fortalecer el progreso en materia de turismo y econom\u00eda, este martes, en el Sal\u00f3n Expresidentes del Palacio Municipal se llev\u00f3 a cabo la toma de protesta del Consejo Coordinador para la Competitividad y Sostenibilidad del Sector Tur\u00edstico del municipio de Oaxaca de Ju\u00e1rez.<\/p>\n\n\n\n<p>Durante la ceremonia, el presidente municipal, Francisco Mart\u00ednez Neri destac\u00f3 la importancia de la colaboraci\u00f3n entre autoridades y el sector empresarial.<\/p>\n\n\n\n<p>\u201cMe embarga un sentimiento de gratitud, solidaridad y buen deseo ya que el acto que hoy atestiguamos tiene un profundo significado por las magn\u00edficas relaciones que hemos mantenido con el sector empresarial\u2026 Este consejo jugar\u00e1 un papel sumamente relevante en la organizaci\u00f3n civil, pieza clave para lograr metas trascendentales en el \u00e1mbito tur\u00edstico y econ\u00f3mico.\u201d<\/p>\n\n\n\n<p>Y es que, el Consejo est\u00e1 conformado por representantes de diversas asociaciones y c\u00e1maras empresariales, entre las que destacan la Asociaci\u00f3n Mexicana de Hoteles y Moteles de Oaxaca, Canirac, Coparmex Oaxaca, y el Consejo de Bares, Antros y Restaurantes (Cobar).<\/p>\n\n\n\n<p>Su objetivo principal es dise\u00f1ar, proponer e implementar acciones orientadas a fortalecer el desarrollo sostenible del sector tur\u00edstico, adem\u00e1s de analizar datos generados por esta industria para plantear propuestas y estrategias ante las autoridades.<\/p>\n\n\n\n<p>El acto protocolario incluy\u00f3 las palabras de las y los integrantes del sector y de las y los funcionarios asistentes, quienes subrayaron la relevancia de esta iniciativa para impulsar el turismo y la econom\u00eda local en beneficio de Oaxaca de Ju\u00e1rez y su proyecci\u00f3n estatal.<\/p>\n","protected":false},"excerpt":{"rendered":"<p>Redacci\u00f3n\/Zona Roja. Oaxaca de Ju\u00e1rez, Oax., 4 de diciembre de 2024.- Con el prop\u00f3sito de&hellip;<\/p>\n","protected":false},"author":2,"featured_media":75183,"comment_status":"closed","ping_status":"open","sticky":false,"template":"","format":"standard","meta":{"_lmt_disableupdate":"","_lmt_disable":"","_jetpack_memberships_contains_paid_content":false,"footnotes":""},"categories":[109,46],"tags":[148],"class_list":["post-75182","post","type-post","status-publish","format-standard","has-post-thumbnail","hentry","category-minuto-a-minuto","category-zona-blanca","tag-oaxaca-de-juarez"],"jetpack_featured_media_url":"https:\/\/zonaroja.com.mx\/wp-content\/uploads\/2024\/12\/Protesta-Consejo-Coordinador-Oaxaca-de-Juarez.jpeg","jetpack_sharing_enabled":true,"_links":{"self":[{"href":"https:\/\/zonaroja.com.mx\/index.php?rest_route=\/wp\/v2\/posts\/75182","targetHints":{"allow":["GET"]}}],"collection":[{"href":"https:\/\/zonaroja.com.mx\/index.php?rest_route=\/wp\/v2\/posts"}],"about":[{"href":"https:\/\/zonaroja.com.mx\/index.php?rest_route=\/wp\/v2\/types\/post"}],"author":[{"embeddable":true,"href":"https:\/\/zonaroja.com.mx\/index.php?rest_route=\/wp\/v2\/users\/2"}],"replies":[{"embeddable":true,"href":"https:\/\/zonaroja.com.mx\/index.php?rest_route=%2Fwp%2Fv2%2Fcomments&post=75182"}],"version-history":[{"count":1,"href":"https:\/\/zonaroja.com.mx\/index.php?rest_route=\/wp\/v2\/posts\/75182\/revisions"}],"predecessor-version":[{"id":75184,"href":"https:\/\/zonaroja.com.mx\/index.php?rest_route=\/wp\/v2\/posts\/75182\/revisions\/75184"}],"wp:featuredmedia":[{"embeddable":true,"href":"https:\/\/zonaroja.com.mx\/index.php?rest_route=\/wp\/v2\/media\/75183"}],"wp:attachment":[{"href":"https:\/\/zonaroja.com.mx\/index.php?rest_route=%2Fwp%2Fv2%2Fmedia&parent=75182"}],"wp:term":[{"taxonomy":"category","embeddable":true,"href":"https:\/\/zonaroja.com.mx\/index.php?rest_route=%2Fwp%2Fv2%2Fcategories&post=75182"},{"taxonomy":"post_tag","embeddable":true,"href":"https:\/\/zonaroja.com.mx\/index.php?rest_route=%2Fwp%2Fv2%2Ftags&post=75182"}],"curies":[{"name":"wp","href":"https:\/\/api.w.org\/{rel}","templated":true}]}}