{"id":75188,"date":"2024-12-05T07:01:37","date_gmt":"2024-12-05T13:01:37","guid":{"rendered":"https:\/\/zonaroja.com.mx\/?p=75188"},"modified":"2024-12-05T07:01:39","modified_gmt":"2024-12-05T13:01:39","slug":"tras-ataque-armado-en-la-cdmx-eu-emite-alerta-de-viaje-a-polanco-por-delincuencia","status":"publish","type":"post","link":"https:\/\/zonaroja.com.mx\/?p=75188","title":{"rendered":"Tras ataque armado en la Cdmx, EU emite alerta de viaje a Polanco por delincuencia"},"content":{"rendered":"\n<p>Redacci\u00f3n\/Zona Roja Cdmx.<\/p>\n\n\n\n<p>Ciudad de M\u00e9xico, a 5 de diciembre de 2024.- La Embajada de Estados Unidos en M\u00e9xico emiti\u00f3 una alerta de viaje tipo 2 a sus ciudadanos tras el ataque registrado ayer por la tarde en la Plaza Miyana de la colonia Polanco, en la Ciudad de M\u00e9xico, misma que dej\u00f3 una persona fallecida.<\/p>\n\n\n\n<p>En una alerta a sus ciudadanos, la Embajada de EU indic\u00f3 que se debe de tener precauci\u00f3n y evitar el \u00e1rea de Polanco si es posible.<\/p>\n\n\n\n<p>\u201cLa Embajada de los Estados Unidos recuerda a los ciudadanos estadounidenses que la advertencia de viaje del Departamento de Estado para la Ciudad de M\u00e9xico est\u00e1 clasificada como Nivel 2: tenga mayor precauci\u00f3n debido a la delincuencia\u201d, se lee en la advertencia.<\/p>\n\n\n\n<p>La Embajada de EU recomend\u00f3 a sus ciudadanos sean conscientes de su entorno; mantengan un alto nivel de vigilancia y un perfil bajo; as\u00ed como estar al pendiente de los medios de comunicaci\u00f3n para obtener actualizaciones. \u201cRevisa tus planes de seguridad personal y sigue las instrucciones de las autoridades locales\u201d, apuntaron.<\/p>\n\n\n\n<p>La alerta se debe a que durante la tarde de este 4 de diciembre se report\u00f3 un ataque directo dentro de la Plaza Miyana.<\/p>\n\n\n\n<p>De acuerdo con la Secretar\u00eda de Seguridad Ciudadana de la Ciudad de M\u00e9xico, un hombre fue asesinado a tiros en un restaurante ubicado al interior de la plaza, ubicada en la avenida Ej\u00e9rcito Nacional Mexicano, colonia Granada, de la alcald\u00eda Miguel Hidalgo, tras la agresi\u00f3n directa con disparos de arma de fuego.<\/p>\n\n\n\n<p>\u201cAl llegar al lugar y observar al hombre con visibles manchas hem\u00e1ticas solicitaron los servicios de emergencia y, param\u00e9dicos que arribaron al punto, lo diagnosticaron sin signos vitales por herida de arma de fuego en la cabeza\u201d, indic\u00f3 la SSC de la Cdmx.<\/p>\n\n\n\n<p>De acuerdo con los primeros reportes de las autoridades capitalinas, dos sujetos, uno de ellos con casco de motociclista, se aproxim\u00f3 a la mesa del restaurante El Baj\u00edo en la que se encontraba la v\u00edctima para dispararle y luego darse a la fuga.<\/p>\n\n\n\n<p>Personal del restaurante inform\u00f3 que la v\u00edctima estaba acompa\u00f1ada por dos hombres y una mujer quienes, despu\u00e9s de la agresi\u00f3n, huyeron del lugar.<\/p>\n\n\n\n<p>Servicios periciales de la Fiscal\u00eda General de Justicia de la Ciudad de M\u00e9xico acudieron al lugar, que estaba resguardado por polic\u00edas capitalinos, elementos del Ej\u00e9rcito Mexicano y de la Guardia Nacional, para levantar el cuerpo y hacer las investigaciones correspondientes del caso.<\/p>\n\n\n\n<p>Las autoridades capitalinas informaron que analizan de las c\u00e1maras de videovigilancia de la plaza y de las avenidas aleda\u00f1as para ubicar a los probables responsables y los acompa\u00f1antes del occiso, quien presuntamente fue identificado como Jes\u00fas P\u00e9rez Alvear, ex m\u00e1nager del cantante Gerardo Ortiz, de acuerdo con el periodista&nbsp;Antonio Nieto.<\/p>\n\n\n\n<p>El periodista se\u00f1al\u00f3 que este sujeto era conocido como Chucho P\u00e9rez y ten\u00eda nexos con el C\u00e1rtel Jalisco Nueva Generaci\u00f3n (CJNG). \u201cHace menos de un mes aqu\u00ed revelamos que era objetivo de autoridades federales. Chucho P\u00e9rez est\u00e1 ligado tambi\u00e9n al atentado contra Omar Garc\u00eda Harfuch\u201d, indic\u00f3 en su cuenta X.<\/p>\n\n\n\n<p>(Informaci\u00f3n de Infobae M\u00e9xico)<\/p>\n","protected":false},"excerpt":{"rendered":"<p>Redacci\u00f3n\/Zona Roja Cdmx. Ciudad de M\u00e9xico, a 5 de diciembre de 2024.- La Embajada de&hellip;<\/p>\n","protected":false},"author":2,"featured_media":75189,"comment_status":"closed","ping_status":"open","sticky":false,"template":"","format":"standard","meta":{"_lmt_disableupdate":"","_lmt_disable":"","_jetpack_memberships_contains_paid_content":false,"footnotes":""},"categories":[109,47],"tags":[4122],"class_list":["post-75188","post","type-post","status-publish","format-standard","has-post-thumbnail","hentry","category-minuto-a-minuto","category-zona-gris","tag-violencia-ciudad-de-mexico"],"jetpack_featured_media_url":"https:\/\/zonaroja.com.mx\/wp-content\/uploads\/2024\/12\/Asesinado-Polanco-alerta-EU.webp","jetpack_sharing_enabled":true,"_links":{"self":[{"href":"https:\/\/zonaroja.com.mx\/index.php?rest_route=\/wp\/v2\/posts\/75188","targetHints":{"allow":["GET"]}}],"collection":[{"href":"https:\/\/zonaroja.com.mx\/index.php?rest_route=\/wp\/v2\/posts"}],"about":[{"href":"https:\/\/zonaroja.com.mx\/index.php?rest_route=\/wp\/v2\/types\/post"}],"author":[{"embeddable":true,"href":"https:\/\/zonaroja.com.mx\/index.php?rest_route=\/wp\/v2\/users\/2"}],"replies":[{"embeddable":true,"href":"https:\/\/zonaroja.com.mx\/index.php?rest_route=%2Fwp%2Fv2%2Fcomments&post=75188"}],"version-history":[{"count":1,"href":"https:\/\/zonaroja.com.mx\/index.php?rest_route=\/wp\/v2\/posts\/75188\/revisions"}],"predecessor-version":[{"id":75190,"href":"https:\/\/zonaroja.com.mx\/index.php?rest_route=\/wp\/v2\/posts\/75188\/revisions\/75190"}],"wp:featuredmedia":[{"embeddable":true,"href":"https:\/\/zonaroja.com.mx\/index.php?rest_route=\/wp\/v2\/media\/75189"}],"wp:attachment":[{"href":"https:\/\/zonaroja.com.mx\/index.php?rest_route=%2Fwp%2Fv2%2Fmedia&parent=75188"}],"wp:term":[{"taxonomy":"category","embeddable":true,"href":"https:\/\/zonaroja.com.mx\/index.php?rest_route=%2Fwp%2Fv2%2Fcategories&post=75188"},{"taxonomy":"post_tag","embeddable":true,"href":"https:\/\/zonaroja.com.mx\/index.php?rest_route=%2Fwp%2Fv2%2Ftags&post=75188"}],"curies":[{"name":"wp","href":"https:\/\/api.w.org\/{rel}","templated":true}]}}